{"id":30810,"date":"2021-05-19T12:38:52","date_gmt":"2021-05-19T10:38:52","guid":{"rendered":"https:\/\/www.dimann.com\/non-categorizzato\/la-cystite-peut-augmenter-en-hiver\/"},"modified":"2025-10-15T11:20:37","modified_gmt":"2025-10-15T09:20:37","slug":"la-cystite-peut-elle-augmenter-en-hiver","status":"publish","type":"post","link":"https:\/\/www.dimann.com\/fr\/questions-et-reponses\/la-cystite-peut-elle-augmenter-en-hiver\/","title":{"rendered":"Cystite en hiver\u00a0: causes fr\u00e9quentes et pr\u00e9vention"},"content":{"rendered":"<p>Ch\u00e8re lectrice<\/p>\n<p>Si vous vous \u00eates d\u00e9j\u00e0 demand\u00e9e \u00ab\u00a0<em>la cystite peut-elle augmenter en hiver<\/em>?\u00a0\u00bb, vous vous \u00eates pos\u00e9e une tr\u00e8s bonne questions !<\/p>\n<p>Malheureusement, <strong>le froid peut aussi \u00eatre un facteur de risque de cystite.<\/strong> \ud83d\ude1e<\/p>\n<p>Faisons la liste des<strong>\u00a0causes<\/strong> potentielles de la cystite en hiver :<\/p>\n<ul>\n<li><strong>Chauffage <\/strong>: cela peut para\u00eetre absurde, mais les syst\u00e8mes de chauffage peuvent ass\u00e9cher l&rsquo;air que nous respirons et, par cons\u00e9quent, notre corps<\/li>\n<li>Utilisation de <strong>v\u00eatements <\/strong>d&rsquo;hiver <strong>synth\u00e9tiques et non respirants<\/strong><\/li>\n<li><strong>Froid<\/strong>: il sensibilise les terminaisons nerveuses et augmente les chances d&rsquo;avoir des infections urinaires<\/li>\n<li>Syst\u00e8me immunitaire sous pression<\/li>\n<\/ul>\n<p>Mais bonne nouvelle, il existe un moyen de lutter contre les cystites en hiver !<br \/>\n<em>Je vous sens fr\u00e9mir de curiosit\u00e9\u2026<\/em><\/p>\n<p>Pr\u00e9venez-les avec le <a href=\"https:\/\/www.dimann.com\/fr\/kit_cystite\/kit-cystite-bacterienne-prevention\/\" target=\"_blank\" rel=\"noopener noreferrer\">kit de pr\u00e9vention Dimann<\/a> qui renforce les d\u00e9fenses immunitaires de la vessie, \u00e9loigne le risque de cystite et aide \u00e0 maintenir l&rsquo;\u00e9quilibre de la flore intestinale et vaginale !<\/p>\n<p>Lisez l&rsquo;article complet \ud83d\udc49 <a href=\"https:\/\/www.dimann.com\/fr\/magazine-fr\/cystite-en-hiver-comment-la-prevenir\/\" target=\"_blank\" rel=\"noopener noreferrer\">La cystite en hiver<\/a> et si vous avez des questions ou des inqui\u00e9tudes, <a href=\"https:\/\/www.dimann.com\/fr\/contactez-nous\/\" target=\"_blank\" rel=\"noopener noreferrer\">\u00e9crivez-moi<\/a>. \u2764\ufe0f<\/p>\n<p>\u00c0\u00a0bient\u00f4t,<\/p>\n<p><a href=\"https:\/\/fontmeme.com\/calligraphy-fonts\/\"><img decoding=\"async\" data-src=\"https:\/\/fontmeme.com\/permalink\/200612\/344d6bd251674c52c79ccfcf5aa03e98.png\" alt=\"calligraphy-fonts\" width=\"138\" height=\"23\" border=\"0\" src=\"data:image\/svg+xml;base64,PHN2ZyB3aWR0aD0iMSIgaGVpZ2h0PSIxIiB4bWxucz0iaHR0cDovL3d3dy53My5vcmcvMjAwMC9zdmciPjwvc3ZnPg==\" class=\"lazyload\" style=\"--smush-placeholder-width: 138px; --smush-placeholder-aspect-ratio: 138\/23;\" \/><\/a><\/p>\n","protected":false},"excerpt":{"rendered":"<p>Ch\u00e8re lectrice Si vous vous \u00eates d\u00e9j\u00e0 demand\u00e9e \u00ab\u00a0la cystite peut-elle augmenter en hiver?\u00a0\u00bb, vous vous \u00eates pos\u00e9e une tr\u00e8s bonne questions ! Malheureusement, le froid peut aussi \u00eatre un facteur de risque de cystite. \ud83d\ude1e Faisons la liste des\u00a0causes potentielles de la cystite en hiver : Chauffage : cela peut para\u00eetre absurde, mais les [&hellip;]<\/p>\n","protected":false},"author":4,"featured_media":41811,"comment_status":"open","ping_status":"open","sticky":false,"template":"","format":"standard","meta":{"_acf_changed":false,"footnotes":""},"categories":[456],"tags":[984,985],"class_list":["post-30810","post","type-post","status-publish","format-standard","has-post-thumbnail","hentry","category-questions-et-reponses","tag-cause-fr","tag-causes-fr"],"acf":[],"yoast_head":"<!-- This site is optimized with the Yoast SEO plugin v27.5 - https:\/\/yoast.com\/product\/yoast-seo-wordpress\/ -->\n<title>La cystite hivernale augmente-t-elle ? | Dimann<\/title>\n<meta name=\"description\" content=\"Bien comprendre la cystite en hiver : causes, sympt\u00f4mes et pr\u00e9vention. Comment les produits Dimann peuvent aider. D\u00e9couvrez maintenant.\" \/>\n<meta name=\"robots\" content=\"index, follow, max-snippet:-1, max-image-preview:large, max-video-preview:-1\" \/>\n<link rel=\"canonical\" href=\"https:\/\/www.dimann.com\/fr\/questions-et-reponses\/la-cystite-peut-elle-augmenter-en-hiver\/\" \/>\n<meta property=\"og:locale\" content=\"fr_FR\" \/>\n<meta property=\"og:type\" content=\"article\" \/>\n<meta property=\"og:title\" content=\"La cystite hivernale augmente-t-elle ? | Dimann\" \/>\n<meta property=\"og:description\" content=\"Bien comprendre la cystite en hiver : causes, sympt\u00f4mes et pr\u00e9vention. Comment les produits Dimann peuvent aider. D\u00e9couvrez maintenant.\" \/>\n<meta property=\"og:url\" content=\"https:\/\/www.dimann.com\/fr\/questions-et-reponses\/la-cystite-peut-elle-augmenter-en-hiver\/\" \/>\n<meta property=\"og:site_name\" content=\"Dimann\" \/>\n<meta property=\"article:publisher\" content=\"https:\/\/www.facebook.com\/pg\/Dimann.cistite\/posts\/\" \/>\n<meta property=\"article:published_time\" content=\"2021-05-19T10:38:52+00:00\" \/>\n<meta property=\"article:modified_time\" content=\"2025-10-15T09:20:37+00:00\" \/>\n<meta property=\"og:image\" content=\"https:\/\/www.dimann.com\/wp-content\/uploads\/2021\/05\/FRA-14.jpg\" \/>\n\t<meta property=\"og:image:width\" content=\"300\" \/>\n\t<meta property=\"og:image:height\" content=\"300\" \/>\n\t<meta property=\"og:image:type\" content=\"image\/jpeg\" \/>\n<meta name=\"author\" content=\"Lorenza Leone\" \/>\n<meta name=\"twitter:card\" content=\"summary_large_image\" \/>\n<meta name=\"twitter:label1\" content=\"\u00c9crit par\" \/>\n\t<meta name=\"twitter:data1\" content=\"Lorenza Leone\" \/>\n\t<meta name=\"twitter:label2\" content=\"Dur\u00e9e de lecture estim\u00e9e\" \/>\n\t<meta name=\"twitter:data2\" content=\"2 minutes\" \/>\n<!-- \/ Yoast SEO plugin. -->","yoast_head_json":{"title":"La cystite hivernale augmente-t-elle ? | Dimann","description":"Bien comprendre la cystite en hiver : causes, sympt\u00f4mes et pr\u00e9vention. Comment les produits Dimann peuvent aider. D\u00e9couvrez maintenant.","robots":{"index":"index","follow":"follow","max-snippet":"max-snippet:-1","max-image-preview":"max-image-preview:large","max-video-preview":"max-video-preview:-1"},"canonical":"https:\/\/www.dimann.com\/fr\/questions-et-reponses\/la-cystite-peut-elle-augmenter-en-hiver\/","og_locale":"fr_FR","og_type":"article","og_title":"La cystite hivernale augmente-t-elle ? | Dimann","og_description":"Bien comprendre la cystite en hiver : causes, sympt\u00f4mes et pr\u00e9vention. Comment les produits Dimann peuvent aider. D\u00e9couvrez maintenant.","og_url":"https:\/\/www.dimann.com\/fr\/questions-et-reponses\/la-cystite-peut-elle-augmenter-en-hiver\/","og_site_name":"Dimann","article_publisher":"https:\/\/www.facebook.com\/pg\/Dimann.cistite\/posts\/","article_published_time":"2021-05-19T10:38:52+00:00","article_modified_time":"2025-10-15T09:20:37+00:00","og_image":[{"width":300,"height":300,"url":"https:\/\/www.dimann.com\/wp-content\/uploads\/2021\/05\/FRA-14.jpg","type":"image\/jpeg"}],"author":"Lorenza Leone","twitter_card":"summary_large_image","twitter_misc":{"\u00c9crit par":"Lorenza Leone","Dur\u00e9e de lecture estim\u00e9e":"2 minutes"},"schema":{"@context":"https:\/\/schema.org","@graph":[{"@type":"Article","@id":"https:\/\/www.dimann.com\/fr\/questions-et-reponses\/la-cystite-peut-elle-augmenter-en-hiver\/#article","isPartOf":{"@id":"https:\/\/www.dimann.com\/fr\/questions-et-reponses\/la-cystite-peut-elle-augmenter-en-hiver\/"},"author":{"name":"Lorenza Leone","@id":"https:\/\/www.dimann.com\/fr\/#\/schema\/person\/5aa48275ebfa8cbdc3603c192e79186b"},"headline":"Cystite en hiver\u00a0: causes fr\u00e9quentes et pr\u00e9vention","datePublished":"2021-05-19T10:38:52+00:00","dateModified":"2025-10-15T09:20:37+00:00","mainEntityOfPage":{"@id":"https:\/\/www.dimann.com\/fr\/questions-et-reponses\/la-cystite-peut-elle-augmenter-en-hiver\/"},"wordCount":192,"commentCount":0,"publisher":{"@id":"https:\/\/www.dimann.com\/fr\/#organization"},"image":{"@id":"https:\/\/www.dimann.com\/fr\/questions-et-reponses\/la-cystite-peut-elle-augmenter-en-hiver\/#primaryimage"},"thumbnailUrl":"https:\/\/www.dimann.com\/wp-content\/uploads\/2021\/05\/FRA-14.jpg","keywords":["Cause","causes"],"articleSection":["Questions et r\u00e9ponses"],"inLanguage":"fr-FR","potentialAction":[{"@type":"CommentAction","name":"Comment","target":["https:\/\/www.dimann.com\/fr\/questions-et-reponses\/la-cystite-peut-elle-augmenter-en-hiver\/#respond"]}]},{"@type":"WebPage","@id":"https:\/\/www.dimann.com\/fr\/questions-et-reponses\/la-cystite-peut-elle-augmenter-en-hiver\/","url":"https:\/\/www.dimann.com\/fr\/questions-et-reponses\/la-cystite-peut-elle-augmenter-en-hiver\/","name":"La cystite hivernale augmente-t-elle ? | Dimann","isPartOf":{"@id":"https:\/\/www.dimann.com\/fr\/#website"},"primaryImageOfPage":{"@id":"https:\/\/www.dimann.com\/fr\/questions-et-reponses\/la-cystite-peut-elle-augmenter-en-hiver\/#primaryimage"},"image":{"@id":"https:\/\/www.dimann.com\/fr\/questions-et-reponses\/la-cystite-peut-elle-augmenter-en-hiver\/#primaryimage"},"thumbnailUrl":"https:\/\/www.dimann.com\/wp-content\/uploads\/2021\/05\/FRA-14.jpg","datePublished":"2021-05-19T10:38:52+00:00","dateModified":"2025-10-15T09:20:37+00:00","description":"Bien comprendre la cystite en hiver : causes, sympt\u00f4mes et pr\u00e9vention. Comment les produits Dimann peuvent aider. D\u00e9couvrez maintenant.","breadcrumb":{"@id":"https:\/\/www.dimann.com\/fr\/questions-et-reponses\/la-cystite-peut-elle-augmenter-en-hiver\/#breadcrumb"},"inLanguage":"fr-FR","potentialAction":[{"@type":"ReadAction","target":["https:\/\/www.dimann.com\/fr\/questions-et-reponses\/la-cystite-peut-elle-augmenter-en-hiver\/"]}]},{"@type":"ImageObject","inLanguage":"fr-FR","@id":"https:\/\/www.dimann.com\/fr\/questions-et-reponses\/la-cystite-peut-elle-augmenter-en-hiver\/#primaryimage","url":"https:\/\/www.dimann.com\/wp-content\/uploads\/2021\/05\/FRA-14.jpg","contentUrl":"https:\/\/www.dimann.com\/wp-content\/uploads\/2021\/05\/FRA-14.jpg","width":300,"height":300,"caption":"Cystite en hiver | Dimann"},{"@type":"BreadcrumbList","@id":"https:\/\/www.dimann.com\/fr\/questions-et-reponses\/la-cystite-peut-elle-augmenter-en-hiver\/#breadcrumb","itemListElement":[{"@type":"ListItem","position":1,"name":"Questions et r\u00e9ponses","item":"https:\/\/www.dimann.com\/fr\/questions-et-reponses\/"},{"@type":"ListItem","position":2,"name":"Cystite en Hiver : Causes et Pr\u00e9vention Efficace"}]},{"@type":"WebSite","@id":"https:\/\/www.dimann.com\/fr\/#website","url":"https:\/\/www.dimann.com\/fr\/","name":"Dimann","description":"","publisher":{"@id":"https:\/\/www.dimann.com\/fr\/#organization"},"potentialAction":[{"@type":"SearchAction","target":{"@type":"EntryPoint","urlTemplate":"https:\/\/www.dimann.com\/fr\/?s={search_term_string}"},"query-input":{"@type":"PropertyValueSpecification","valueRequired":true,"valueName":"search_term_string"}}],"inLanguage":"fr-FR"},{"@type":"Organization","@id":"https:\/\/www.dimann.com\/fr\/#organization","name":"Dimann","url":"https:\/\/www.dimann.com\/fr\/","logo":{"@type":"ImageObject","inLanguage":"fr-FR","@id":"https:\/\/www.dimann.com\/fr\/#\/schema\/logo\/image\/","url":"https:\/\/www.dimann.com\/wp-content\/uploads\/2019\/07\/logo.svg","contentUrl":"https:\/\/www.dimann.com\/wp-content\/uploads\/2019\/07\/logo.svg","width":1,"height":1,"caption":"Dimann"},"image":{"@id":"https:\/\/www.dimann.com\/fr\/#\/schema\/logo\/image\/"},"sameAs":["https:\/\/www.facebook.com\/pg\/Dimann.cistite\/posts\/","https:\/\/www.instagram.com\/dimann_official\/"]},{"@type":"Person","@id":"https:\/\/www.dimann.com\/fr\/#\/schema\/person\/5aa48275ebfa8cbdc3603c192e79186b","name":"Lorenza Leone"}]}},"_links":{"self":[{"href":"https:\/\/www.dimann.com\/fr\/wp-json\/wp\/v2\/posts\/30810","targetHints":{"allow":["GET"]}}],"collection":[{"href":"https:\/\/www.dimann.com\/fr\/wp-json\/wp\/v2\/posts"}],"about":[{"href":"https:\/\/www.dimann.com\/fr\/wp-json\/wp\/v2\/types\/post"}],"author":[{"embeddable":true,"href":"https:\/\/www.dimann.com\/fr\/wp-json\/wp\/v2\/users\/4"}],"replies":[{"embeddable":true,"href":"https:\/\/www.dimann.com\/fr\/wp-json\/wp\/v2\/comments?post=30810"}],"version-history":[{"count":6,"href":"https:\/\/www.dimann.com\/fr\/wp-json\/wp\/v2\/posts\/30810\/revisions"}],"predecessor-version":[{"id":57465,"href":"https:\/\/www.dimann.com\/fr\/wp-json\/wp\/v2\/posts\/30810\/revisions\/57465"}],"wp:featuredmedia":[{"embeddable":true,"href":"https:\/\/www.dimann.com\/fr\/wp-json\/wp\/v2\/media\/41811"}],"wp:attachment":[{"href":"https:\/\/www.dimann.com\/fr\/wp-json\/wp\/v2\/media?parent=30810"}],"wp:term":[{"taxonomy":"category","embeddable":true,"href":"https:\/\/www.dimann.com\/fr\/wp-json\/wp\/v2\/categories?post=30810"},{"taxonomy":"post_tag","embeddable":true,"href":"https:\/\/www.dimann.com\/fr\/wp-json\/wp\/v2\/tags?post=30810"}],"curies":[{"name":"wp","href":"https:\/\/api.w.org\/{rel}","templated":true}]}}