{"id":47114,"date":"2025-03-24T10:06:44","date_gmt":"2025-03-24T09:06:44","guid":{"rendered":"https:\/\/www.dimann.com\/bez-kategorii\/la-cistite-puo-aumentare-in-inverno\/"},"modified":"2025-10-15T11:20:19","modified_gmt":"2025-10-15T09:20:19","slug":"czy-zapalenie-pecherza-moze-nasilac-sie-zima","status":"publish","type":"post","link":"https:\/\/www.dimann.com\/pl\/pytania-i-odpowiedzi\/czy-zapalenie-pecherza-moze-nasilac-sie-zima\/","title":{"rendered":"Zapalenie p\u0119cherza zim\u0105: przyczyny i profilaktyka"},"content":{"rendered":"<p>Witaj przyjacielu,<\/p>\n<p>je\u015bli zada\u0142e\u015b sobie pytanie<em>&#8222;czy zapalenie p\u0119cherza moczowego mo\u017ce nasila\u0107 si\u0119 zim\u0105<\/em>?&#8221;, zada\u0142e\u015b sobie 30 pyta\u0144!<\/p>\n<p>Niestety, <strong>przezi\u0119bienie mo\u017ce by\u0107<\/strong> r\u00f3wnie\u017c <strong>czynnikiem ryzyka zapalenia p\u0119cherza<\/strong> moczowego. \ud83d\ude1e<\/p>\n<p>Zaraz wyja\u015bni\u0119 kilka potencjalnych<strong> przyczyn<\/strong> zapalenia p\u0119cherza moczowego w zimie:<\/p>\n<ul>\n<li><strong>Ogrzewanie<\/strong>: mo\u017ce to brzmie\u0107 absurdalnie, ale systemy grzewcze mog\u0105 wysusza\u0107 powietrze, kt\u00f3rym oddychamy, a w konsekwencji nasze cia\u0142a;<\/li>\n<li>U\u017cywanie <strong>syntetycznej, nieoddychaj\u0105cej<\/strong> <strong>odzie\u017cy <\/strong>zimowej;<\/li>\n<li><strong>Zimno<\/strong>: uwra\u017cliwia zako\u0144czenia nerwowe i zwi\u0119ksza ryzyko infekcji p\u0119cherza;<\/li>\n<li>Uk\u0142ad odporno\u015bciowy pod presj\u0105.<\/li>\n<\/ul>\n<p>Oto spos\u00f3b na zapalenie p\u0119cherza moczowego zim\u0105!<br \/>\n<em>Ciekawi? <\/em>\ud83e\uddd0<\/p>\n<p>Zapobiegaj temu za pomoc\u0105 zestawu <a href=\"https:\/\/www.dimann.com\/pl\/zestaw\/zestaw-na-zapalenie-pecherza-bakteryjne-zapobieganie\/\" target=\"_blank\" rel=\"noopener noreferrer\">Dimann Prevention Kit<\/a>, kt\u00f3ry utrzymuje siln\u0105 obron\u0119 immunologiczn\u0105 p\u0119cherza, zapobiega ryzyku zapalenia p\u0119cherza i utrzymuje r\u00f3wnowag\u0119 flory jelitowej i pochwowej!<\/p>\n<p>Przeczytaj ca\u0142y artyku\u0142 \ud83d\udc49 <a href=\"https:\/\/www.dimann.com\/pl\/magazyn\/zapalenie-pecherza-zima-jak-mu-zapobiegac\/\" target=\"_blank\" rel=\"noopener noreferrer\">Zapalenie p\u0119cherza moczowego zim\u0105<\/a>, a je\u015bli masz jakie\u015b pytania lub w\u0105tpliwo\u015bci, <a href=\"https:\/\/www.dimann.com\/pl\/skontaktuj-sie-z-nami\/\" target=\"_blank\" rel=\"noopener noreferrer\">napisz do mnie.<\/a>\u2764\ufe0f<\/p>\n<p>Ciep\u0142y u\u015bcisk,<\/p>\n<p><a href=\"https:\/\/fontmeme.com\/calligraphy-fonts\/\"><img decoding=\"async\" data-src=\"https:\/\/fontmeme.com\/permalink\/200612\/344d6bd251674c52c79ccfcf5aa03e98.png\" alt=\"czcionki do kaligrafii\" width=\"138\" height=\"23\" border=\"0\" src=\"data:image\/svg+xml;base64,PHN2ZyB3aWR0aD0iMSIgaGVpZ2h0PSIxIiB4bWxucz0iaHR0cDovL3d3dy53My5vcmcvMjAwMC9zdmciPjwvc3ZnPg==\" class=\"lazyload\" style=\"--smush-placeholder-width: 138px; --smush-placeholder-aspect-ratio: 138\/23;\" \/><\/a><\/p>\n","protected":false},"excerpt":{"rendered":"<p>Witaj przyjacielu, je\u015bli zada\u0142e\u015b sobie pytanie&#8222;czy zapalenie p\u0119cherza moczowego mo\u017ce nasila\u0107 si\u0119 zim\u0105?&#8221;, zada\u0142e\u015b sobie 30 pyta\u0144! Niestety, przezi\u0119bienie mo\u017ce by\u0107 r\u00f3wnie\u017c czynnikiem ryzyka zapalenia p\u0119cherza moczowego. \ud83d\ude1e Zaraz wyja\u015bni\u0119 kilka potencjalnych przyczyn zapalenia p\u0119cherza moczowego w zimie: Ogrzewanie: mo\u017ce to brzmie\u0107 absurdalnie, ale systemy grzewcze mog\u0105 wysusza\u0107 powietrze, kt\u00f3rym oddychamy, a w konsekwencji nasze [&hellip;]<\/p>\n","protected":false},"author":4,"featured_media":47117,"comment_status":"open","ping_status":"open","sticky":false,"template":"","format":"standard","meta":{"_acf_changed":false,"footnotes":""},"categories":[1076],"tags":[1080],"class_list":["post-47114","post","type-post","status-publish","format-standard","has-post-thumbnail","hentry","category-pytania-i-odpowiedzi","tag-przyczyny"],"acf":[],"yoast_head":"<!-- This site is optimized with the Yoast SEO plugin v27.5 - https:\/\/yoast.com\/product\/yoast-seo-wordpress\/ -->\n<title>Czy zapalenie p\u0119cherza moczowego nasila si\u0119 zim\u0105? | Dimann<\/title>\n<meta name=\"description\" content=\"Zapalenie p\u0119cherza zim\u0105: czy niskie temperatury mog\u0105 zwi\u0119ksza\u0107 prawdopodobie\u0144stwo wyst\u0105pienia epizod\u00f3w zapalenia p\u0119cherza? Dowiedz si\u0119 ju\u017c teraz.\" \/>\n<meta name=\"robots\" content=\"index, follow, max-snippet:-1, max-image-preview:large, max-video-preview:-1\" \/>\n<link rel=\"canonical\" href=\"https:\/\/www.dimann.com\/pl\/pytania-i-odpowiedzi\/czy-zapalenie-pecherza-moze-nasilac-sie-zima\/\" \/>\n<meta property=\"og:locale\" content=\"pl_PL\" \/>\n<meta property=\"og:type\" content=\"article\" \/>\n<meta property=\"og:title\" content=\"Czy zapalenie p\u0119cherza moczowego nasila si\u0119 zim\u0105? | Dimann\" \/>\n<meta property=\"og:description\" content=\"Zapalenie p\u0119cherza zim\u0105: czy niskie temperatury mog\u0105 zwi\u0119ksza\u0107 prawdopodobie\u0144stwo wyst\u0105pienia epizod\u00f3w zapalenia p\u0119cherza? Dowiedz si\u0119 ju\u017c teraz.\" \/>\n<meta property=\"og:url\" content=\"https:\/\/www.dimann.com\/pl\/pytania-i-odpowiedzi\/czy-zapalenie-pecherza-moze-nasilac-sie-zima\/\" \/>\n<meta property=\"og:site_name\" content=\"Dimann\" \/>\n<meta property=\"article:publisher\" content=\"https:\/\/www.facebook.com\/pg\/Dimann.cistite\/posts\/\" \/>\n<meta property=\"article:published_time\" content=\"2025-03-24T09:06:44+00:00\" \/>\n<meta property=\"article:modified_time\" content=\"2025-10-15T09:20:19+00:00\" \/>\n<meta property=\"og:image\" content=\"https:\/\/www.dimann.com\/wp-content\/uploads\/2021\/01\/Copia-di-Copia-di-Pink-and-White-Social-Media-Strategy-Presentation-32.png\" \/>\n\t<meta property=\"og:image:width\" content=\"1920\" \/>\n\t<meta property=\"og:image:height\" content=\"1080\" \/>\n\t<meta property=\"og:image:type\" content=\"image\/png\" \/>\n<meta name=\"author\" content=\"Lorenza Leone\" \/>\n<meta name=\"twitter:card\" content=\"summary_large_image\" \/>\n<meta name=\"twitter:label1\" content=\"Napisane przez\" \/>\n\t<meta name=\"twitter:data1\" content=\"Lorenza Leone\" \/>\n\t<meta name=\"twitter:label2\" content=\"Szacowany czas czytania\" \/>\n\t<meta name=\"twitter:data2\" content=\"2 minuty\" \/>\n<!-- \/ Yoast SEO plugin. -->","yoast_head_json":{"title":"Czy zapalenie p\u0119cherza moczowego nasila si\u0119 zim\u0105? | Dimann","description":"Zapalenie p\u0119cherza zim\u0105: czy niskie temperatury mog\u0105 zwi\u0119ksza\u0107 prawdopodobie\u0144stwo wyst\u0105pienia epizod\u00f3w zapalenia p\u0119cherza? Dowiedz si\u0119 ju\u017c teraz.","robots":{"index":"index","follow":"follow","max-snippet":"max-snippet:-1","max-image-preview":"max-image-preview:large","max-video-preview":"max-video-preview:-1"},"canonical":"https:\/\/www.dimann.com\/pl\/pytania-i-odpowiedzi\/czy-zapalenie-pecherza-moze-nasilac-sie-zima\/","og_locale":"pl_PL","og_type":"article","og_title":"Czy zapalenie p\u0119cherza moczowego nasila si\u0119 zim\u0105? | Dimann","og_description":"Zapalenie p\u0119cherza zim\u0105: czy niskie temperatury mog\u0105 zwi\u0119ksza\u0107 prawdopodobie\u0144stwo wyst\u0105pienia epizod\u00f3w zapalenia p\u0119cherza? Dowiedz si\u0119 ju\u017c teraz.","og_url":"https:\/\/www.dimann.com\/pl\/pytania-i-odpowiedzi\/czy-zapalenie-pecherza-moze-nasilac-sie-zima\/","og_site_name":"Dimann","article_publisher":"https:\/\/www.facebook.com\/pg\/Dimann.cistite\/posts\/","article_published_time":"2025-03-24T09:06:44+00:00","article_modified_time":"2025-10-15T09:20:19+00:00","og_image":[{"width":1920,"height":1080,"url":"https:\/\/www.dimann.com\/wp-content\/uploads\/2021\/01\/Copia-di-Copia-di-Pink-and-White-Social-Media-Strategy-Presentation-32.png","type":"image\/png"}],"author":"Lorenza Leone","twitter_card":"summary_large_image","twitter_misc":{"Napisane przez":"Lorenza Leone","Szacowany czas czytania":"2 minuty"},"schema":{"@context":"https:\/\/schema.org","@graph":[{"@type":"Article","@id":"https:\/\/www.dimann.com\/pl\/pytania-i-odpowiedzi\/czy-zapalenie-pecherza-moze-nasilac-sie-zima\/#article","isPartOf":{"@id":"https:\/\/www.dimann.com\/pl\/pytania-i-odpowiedzi\/czy-zapalenie-pecherza-moze-nasilac-sie-zima\/"},"author":{"name":"Lorenza Leone","@id":"https:\/\/www.dimann.com\/pl\/#\/schema\/person\/5aa48275ebfa8cbdc3603c192e79186b"},"headline":"Zapalenie p\u0119cherza zim\u0105: przyczyny i profilaktyka","datePublished":"2025-03-24T09:06:44+00:00","dateModified":"2025-10-15T09:20:19+00:00","mainEntityOfPage":{"@id":"https:\/\/www.dimann.com\/pl\/pytania-i-odpowiedzi\/czy-zapalenie-pecherza-moze-nasilac-sie-zima\/"},"wordCount":168,"commentCount":0,"publisher":{"@id":"https:\/\/www.dimann.com\/pl\/#organization"},"image":{"@id":"https:\/\/www.dimann.com\/pl\/pytania-i-odpowiedzi\/czy-zapalenie-pecherza-moze-nasilac-sie-zima\/#primaryimage"},"thumbnailUrl":"https:\/\/www.dimann.com\/wp-content\/uploads\/2021\/01\/Copia-di-Copia-di-Pink-and-White-Social-Media-Strategy-Presentation-32.png","keywords":["Przyczyny"],"articleSection":["Pytania i odpowiedzi"],"inLanguage":"pl-PL","potentialAction":[{"@type":"CommentAction","name":"Comment","target":["https:\/\/www.dimann.com\/pl\/pytania-i-odpowiedzi\/czy-zapalenie-pecherza-moze-nasilac-sie-zima\/#respond"]}]},{"@type":"WebPage","@id":"https:\/\/www.dimann.com\/pl\/pytania-i-odpowiedzi\/czy-zapalenie-pecherza-moze-nasilac-sie-zima\/","url":"https:\/\/www.dimann.com\/pl\/pytania-i-odpowiedzi\/czy-zapalenie-pecherza-moze-nasilac-sie-zima\/","name":"Czy zapalenie p\u0119cherza moczowego nasila si\u0119 zim\u0105? | Dimann","isPartOf":{"@id":"https:\/\/www.dimann.com\/pl\/#website"},"primaryImageOfPage":{"@id":"https:\/\/www.dimann.com\/pl\/pytania-i-odpowiedzi\/czy-zapalenie-pecherza-moze-nasilac-sie-zima\/#primaryimage"},"image":{"@id":"https:\/\/www.dimann.com\/pl\/pytania-i-odpowiedzi\/czy-zapalenie-pecherza-moze-nasilac-sie-zima\/#primaryimage"},"thumbnailUrl":"https:\/\/www.dimann.com\/wp-content\/uploads\/2021\/01\/Copia-di-Copia-di-Pink-and-White-Social-Media-Strategy-Presentation-32.png","datePublished":"2025-03-24T09:06:44+00:00","dateModified":"2025-10-15T09:20:19+00:00","description":"Zapalenie p\u0119cherza zim\u0105: czy niskie temperatury mog\u0105 zwi\u0119ksza\u0107 prawdopodobie\u0144stwo wyst\u0105pienia epizod\u00f3w zapalenia p\u0119cherza? Dowiedz si\u0119 ju\u017c teraz.","breadcrumb":{"@id":"https:\/\/www.dimann.com\/pl\/pytania-i-odpowiedzi\/czy-zapalenie-pecherza-moze-nasilac-sie-zima\/#breadcrumb"},"inLanguage":"pl-PL","potentialAction":[{"@type":"ReadAction","target":["https:\/\/www.dimann.com\/pl\/pytania-i-odpowiedzi\/czy-zapalenie-pecherza-moze-nasilac-sie-zima\/"]}]},{"@type":"ImageObject","inLanguage":"pl-PL","@id":"https:\/\/www.dimann.com\/pl\/pytania-i-odpowiedzi\/czy-zapalenie-pecherza-moze-nasilac-sie-zima\/#primaryimage","url":"https:\/\/www.dimann.com\/wp-content\/uploads\/2021\/01\/Copia-di-Copia-di-Pink-and-White-Social-Media-Strategy-Presentation-32.png","contentUrl":"https:\/\/www.dimann.com\/wp-content\/uploads\/2021\/01\/Copia-di-Copia-di-Pink-and-White-Social-Media-Strategy-Presentation-32.png","width":1920,"height":1080},{"@type":"BreadcrumbList","@id":"https:\/\/www.dimann.com\/pl\/pytania-i-odpowiedzi\/czy-zapalenie-pecherza-moze-nasilac-sie-zima\/#breadcrumb","itemListElement":[{"@type":"ListItem","position":1,"name":"Pytania i odpowiedzi","item":"https:\/\/www.dimann.com\/pl\/pytania-i-odpowiedzi\/"},{"@type":"ListItem","position":2,"name":"Zimowe Zapalenie P\u0119cherza: Przyczyny i Zapobieganie"}]},{"@type":"WebSite","@id":"https:\/\/www.dimann.com\/pl\/#website","url":"https:\/\/www.dimann.com\/pl\/","name":"Dimann","description":"","publisher":{"@id":"https:\/\/www.dimann.com\/pl\/#organization"},"potentialAction":[{"@type":"SearchAction","target":{"@type":"EntryPoint","urlTemplate":"https:\/\/www.dimann.com\/pl\/?s={search_term_string}"},"query-input":{"@type":"PropertyValueSpecification","valueRequired":true,"valueName":"search_term_string"}}],"inLanguage":"pl-PL"},{"@type":"Organization","@id":"https:\/\/www.dimann.com\/pl\/#organization","name":"Dimann","url":"https:\/\/www.dimann.com\/pl\/","logo":{"@type":"ImageObject","inLanguage":"pl-PL","@id":"https:\/\/www.dimann.com\/pl\/#\/schema\/logo\/image\/","url":"https:\/\/www.dimann.com\/wp-content\/uploads\/2019\/07\/logo.svg","contentUrl":"https:\/\/www.dimann.com\/wp-content\/uploads\/2019\/07\/logo.svg","width":1,"height":1,"caption":"Dimann"},"image":{"@id":"https:\/\/www.dimann.com\/pl\/#\/schema\/logo\/image\/"},"sameAs":["https:\/\/www.facebook.com\/pg\/Dimann.cistite\/posts\/","https:\/\/www.instagram.com\/dimann_official\/"]},{"@type":"Person","@id":"https:\/\/www.dimann.com\/pl\/#\/schema\/person\/5aa48275ebfa8cbdc3603c192e79186b","name":"Lorenza Leone"}]}},"_links":{"self":[{"href":"https:\/\/www.dimann.com\/pl\/wp-json\/wp\/v2\/posts\/47114","targetHints":{"allow":["GET"]}}],"collection":[{"href":"https:\/\/www.dimann.com\/pl\/wp-json\/wp\/v2\/posts"}],"about":[{"href":"https:\/\/www.dimann.com\/pl\/wp-json\/wp\/v2\/types\/post"}],"author":[{"embeddable":true,"href":"https:\/\/www.dimann.com\/pl\/wp-json\/wp\/v2\/users\/4"}],"replies":[{"embeddable":true,"href":"https:\/\/www.dimann.com\/pl\/wp-json\/wp\/v2\/comments?post=47114"}],"version-history":[{"count":4,"href":"https:\/\/www.dimann.com\/pl\/wp-json\/wp\/v2\/posts\/47114\/revisions"}],"predecessor-version":[{"id":57460,"href":"https:\/\/www.dimann.com\/pl\/wp-json\/wp\/v2\/posts\/47114\/revisions\/57460"}],"wp:featuredmedia":[{"embeddable":true,"href":"https:\/\/www.dimann.com\/pl\/wp-json\/wp\/v2\/media\/47117"}],"wp:attachment":[{"href":"https:\/\/www.dimann.com\/pl\/wp-json\/wp\/v2\/media?parent=47114"}],"wp:term":[{"taxonomy":"category","embeddable":true,"href":"https:\/\/www.dimann.com\/pl\/wp-json\/wp\/v2\/categories?post=47114"},{"taxonomy":"post_tag","embeddable":true,"href":"https:\/\/www.dimann.com\/pl\/wp-json\/wp\/v2\/tags?post=47114"}],"curies":[{"name":"wp","href":"https:\/\/api.w.org\/{rel}","templated":true}]}}