{"id":47664,"date":"2025-03-24T10:19:25","date_gmt":"2025-03-24T09:19:25","guid":{"rendered":"https:\/\/www.dimann.com\/bez-kategorii\/covid-e-cistite\/"},"modified":"2025-10-14T19:02:38","modified_gmt":"2025-10-14T17:02:38","slug":"covid-i-zapalenie-pecherza","status":"publish","type":"post","link":"https:\/\/www.dimann.com\/pl\/magazyn\/covid-i-zapalenie-pecherza\/","title":{"rendered":"Covid-19 a zapalenie p\u0119cherza: zwi\u0105zek i objawy"},"content":{"rendered":"<p>M\u00f3j drogi przyjacielu,<\/p>\n<p>Pandemia Covid-19 wstrz\u0105sn\u0119\u0142a ca\u0142ym \u015bwiatem i spowodowa\u0142a wiele nieprzewidywalnych konsekwencji. Ale czy kiedykolwiek wyobra\u017ca\u0142e\u015b sobie, \u017ce ta choroba mo\u017ce r\u00f3wnie\u017c wp\u0142ywa\u0107 na objawy zapalenia p\u0119cherza?<\/p>\n<p>W tym artykule odkrywamy zwi\u0105zek mi\u0119dzy Covid-19 a zapaleniem p\u0119cherza moczowego.<\/p>\n<h2 class=\"md-end-block md-heading\">Zapalenie p\u0119cherza i Covid-19: w jaki spos\u00f3b s\u0105 ze sob\u0105 powi\u0105zane<\/h2>\n<h3 class=\"md-end-block md-heading\"><span class=\"md-plain\">Jaki jest zwi\u0105zek mi\u0119dzy Covid-19 a zapaleniem p\u0119cherza moczowego?<\/span><\/h3>\n<p class=\"md-end-block md-p\"><span class=\"md-plain\">Zwi\u0105zane z Covid zapalenie p\u0119cherza moczowego jest wynikiem zaka\u017cenia Covid-19, kt\u00f3re w tym konkretnym przypadku obejmuje drogi moczowe.<br \/>\n<\/span><\/p>\n<p class=\"md-end-block md-p\"><span class=\"md-plain\">W jaki spos\u00f3b?<br \/>\n<\/span><\/p>\n<p class=\"md-end-block md-p\"><span class=\"md-plain\">Powodowanie <strong>typowych objaw\u00f3w zapalenia p\u0119cherza<\/strong> moczowego, takich jak cz\u0119ste parcie na siusiu, uczucie, \u017ce p\u0119cherz nigdy nie zosta\u0142 opr\u00f3\u017cniony itp. <\/span><\/p>\n<p class=\"md-end-block md-p\"><span class=\"md-plain\">Ale jak to zosta\u0142o odkryte?<\/span><\/p>\n<p class=\"md-end-block md-p\"><span class=\"md-plain\">Na pocz\u0105tku pandemii niemieccy urolodzy jako pierwsi opisali nag\u0142y pocz\u0105tek objaw\u00f3w ze strony uk\u0142adu moczowego u pacjent\u00f3w z Covid-19. Podzielili si\u0119 <\/span><span class=\"md-meta-i-c md-link\"><a href=\"https:\/\/www.ncbi.nlm.nih.gov\/pmc\/articles\/PMC7236674\/\" target=\"_blank\" rel=\"noopener\"><span class=\"md-plain\">nietypowy przypadek pacjenta przyj\u0119tego do szpitala<\/span><\/a><\/span><span class=\"md-plain\"> kt\u00f3ry zg\u0142osi\u0142 <\/span><span class=\"md-pair-s \"><strong><span class=\"md-plain\">gor\u0105czk\u0119, dreszcze, b\u00f3l, parcia nagl\u0105ce i nasilone objawy ze strony uk\u0142adu moczowego<\/span><\/strong><\/span><span class=\"md-plain\">chocia\u017c nie by\u0142o \u017cadnych oznak typowego bakteryjnego zaka\u017cenia dr\u00f3g moczowych. <\/span><\/p>\n<p class=\"md-end-block md-p md-focus\"><span class=\"md-plain\">Wymaz pobrany tego samego dnia ujawni\u0142 <\/span><span class=\"md-pair-s\"><strong><span class=\"md-plain\">infekcj\u0119 Covid-19<\/span><\/strong><\/span><span class=\"md-plain\">. Badacze pr\u00f3bowali zatem ustali\u0107, czy mia\u0142o to miejsce u innych pacjent\u00f3w i odkryli, \u017ce <\/span><span class=\"md-pair-s \"><strong><span class=\"md-plain\">niewielka, ale znacz\u0105ca liczba<\/span><\/strong><\/span><span class=\"md-plain md-expand\"> pacjent\u00f3w przyj\u0119tych z powodu Covid mia\u0142a nasilone objawy ze strony uk\u0142adu moczowego. <\/span><\/p>\n<p class=\"md-end-block md-p\"><span class=\"md-plain\">Wkr\u00f3tce potem badacze z kilku o\u015brodk\u00f3w medycznych w Michigan pocz\u0105tkowo znale\u017ali 39 pacjent\u00f3w z Covid-19 (32 m\u0119\u017cczyzn i 7 kobiet), u kt\u00f3rych <\/span><span class=\"md-meta-i-c md-link\"><a href=\"https:\/\/www.ncbi.nlm.nih.gov\/pmc\/articles\/PMC7524562\/\" target=\"_blank\" rel=\"noopener\"><span class=\"md-plain\">u kt\u00f3rych wyst\u0105pi\u0142y objawy ze strony uk\u0142adu moczowego, a posiewy moczu nie wykaza\u0142y infekcji bakteryjnej.<\/span><\/a><\/span><span class=\"md-plain\">. <\/span><\/p>\n<p class=\"md-end-block md-p\"><span class=\"md-plain\">Wyniki?<\/span><\/p>\n<p class=\"md-end-block md-p\"><span class=\"md-plain\">85% tych pacjent\u00f3w mia\u0142o <\/span><span class=\"md-pair-s \"><strong><span class=\"md-plain\">problemy ze zwi\u0119kszon\u0105 cz\u0119stotliwo\u015bci\u0105 oddawania moczu i oddawaniem moczu w nocy wi\u0119cej ni\u017c cztery razy na noc<\/span><\/strong><\/span><span class=\"md-plain\">. Nast\u0119pnie uko\u0144czyli wi\u0119ksze badanie, w kt\u00f3rym zidentyfikowali 350 pacjent\u00f3w z objawami OAB de novo ( De novo <\/span><span class=\"md-pair-s \"><strong><span class=\"md-plain\">P\u0119cherz nadreaktywny<\/span><\/strong><\/span><span class=\"md-plain\">lub pro\u015bciej <\/span><span class=\"md-pair-s \"><strong><span class=\"md-plain\">zesp\u00f3\u0142 p\u0119cherza nadreaktywnego<\/span><\/strong><\/span><span class=\"md-plain\">) pogarszaj\u0105cy si\u0119 od 10 do 14 tygodni po hospitalizacji z powodu Covid.<\/span><\/p>\n<blockquote><p><strong>Przeczytaj tak\u017ce: <\/strong><a href=\"https:\/\/www.dimann.com\/pl\/magazyn\/jak-spac-z-zapaleniem-pecherza\/\" target=\"_blank\" rel=\"noopener\">Jak spa\u0107 spokojniej z zapaleniem p\u0119cherza: tak, to naprawd\u0119 mo\u017cliwe<\/a><\/p><\/blockquote>\n<h3 class=\"md-end-block md-heading\"><span class=\"md-plain\">Szczepionki przeciwko Covid-19 i zapalenie p\u0119cherza moczowego: studium przypadku w Journal of Clinical Medicine<\/span><\/h3>\n<p class=\"md-end-block md-p\"><span class=\"md-plain\">Wed\u0142ug <\/span><span class=\"md-meta-i-c md-link\"><a href=\"https:\/\/pubmed.ncbi.nlm.nih.gov\/35628863\/\" target=\"_blank\" rel=\"noopener\"><span class=\"md-plain\">badania opublikowanego w Journal of Clinical Medicine<\/span><\/a><\/span><span class=\"md-plain\">szczepionki na Covid-19 firm <\/span><span class=\"md-pair-s\"><strong><span class=\"md-plain\">Astrazeneca, Moderna i Pfizer<\/span><\/strong><\/span><span class=\"md-plain\"> by\u0142y zwi\u0105zane ze znacznym pogorszeniem objaw\u00f3w ze strony dolnych dr\u00f3g moczowych i wi\u0119ksz\u0105 obserwowan\u0105 zmienno\u015bci\u0105 cz\u0119sto\u015bci oddawania moczu i parcia nagl\u0105cego.<\/span><\/p>\n<p class=\"md-end-block md-p\"><span class=\"md-plain\">Badanie, kt\u00f3re obj\u0119\u0142o 889 uczestnik\u00f3w, z kt\u00f3rych 586 otrzyma\u0142o szczepionki od AstraZeneca-Oxford, 260 od Pfizer-BioNTech i 89 od Moderna, wykaza\u0142o, \u017ce <\/span><span class=\"md-pair-s\"><strong><span class=\"md-plain\">13,4% uczestnik\u00f3w wykaza\u0142o pogorszenie zaka\u017cenia uk\u0142adu moczowego ju\u017c obecnego<\/span><\/strong><\/span><span class=\"md-plain\"> po otrzymaniu szczepionki na koronawirusa.<\/span><\/p>\n<p class=\"md-end-block md-p\"><span class=\"md-plain\">Zgodnie z raportem, najcz\u0119stszymi dzia\u0142aniami niepo\u017c\u0105danymi by\u0142y:<\/span><\/p>\n<ul class=\"ul-list\" data-mark=\"-\">\n<li class=\"md-list-item\">\n<p class=\"md-end-block md-p\"><span class=\"md-plain\">parcie na mocz;<\/span><\/p>\n<\/li>\n<li class=\"md-list-item\">\n<p class=\"md-end-block md-p\"><span class=\"md-plain\">cz\u0119stotliwo\u015b\u0107 oddawania moczu;<\/span><\/p>\n<\/li>\n<li class=\"md-list-item\">\n<p class=\"md-end-block md-p\"><span class=\"md-plain\">Nokturia &#8211; cz\u0119sta potrzeba siusiania w nocy;<\/span><\/p>\n<\/li>\n<li class=\"md-list-item\">\n<p class=\"md-end-block md-p\"><span class=\"md-plain\">nietrzymanie moczu.<\/span><\/p>\n<\/li>\n<\/ul>\n<p class=\"md-end-block md-p\"><span class=\"md-plain\">S\u0105 one podobne do wspomnianych wcze\u015bniej objaw\u00f3w zespo\u0142u p\u0119cherza nadreaktywnego (OAB).<\/span><\/p>\n<p class=\"md-end-block md-p\"><span class=\"md-plain\">Chocia\u017c potrzebne s\u0105 dalsze prospektywne badania, aby <\/span><span class=\"md-pair-s \"><strong><span class=\"md-plain\">udowodni\u0107 zwi\u0105zek przyczynowy mi\u0119dzy szczepionk\u0105 a objawami ze strony uk\u0142adu moczowego po szczepieniu<\/span><\/strong><\/span><span class=\"md-plain\">naukowcy z Graduate Institute of Clinical Medicine na Uniwersytecie Medycznym Kaohsiung na Tajwanie sugeruj\u0105, \u017ce LUTS (skr\u00f3t od <\/span><span class=\"md-pair-s \"><strong><span class=\"md-plain\">Objawy dolnych dr\u00f3g moczowych<\/span><\/strong><\/span><span class=\"md-plain\">co oznacza objawy dolnych dr\u00f3g moczowych) po szczepieniu Covid-19, zw\u0142aszcza u os\u00f3b, kt\u00f3re ju\u017c cierpia\u0142y na objawy p\u0119cherza nadreaktywnego, i w razie potrzeby zasi\u0119gn\u0105\u0107 porady lekarza.<\/span><\/p>\n<h3 class=\"md-end-block md-heading\"><span class=\"md-plain\">Ale w ko\u0144cu&#8230; dlaczego tak wiele os\u00f3b cierpia\u0142o na zapalenie p\u0119cherza moczowego podczas pandemii?<\/span><\/h3>\n<p class=\"md-end-block md-p\"><span class=\"md-plain\">Pomijaj\u0105c na chwil\u0119 studia przypadk\u00f3w i badania przeprowadzone przez naukowc\u00f3w&#8230; dlaczego<strong> tak wiele kobiet skar\u017cy\u0142o si\u0119 na objawy zapalenia p\u0119cherza<\/strong> moczowego podczas lockdownu?<\/span><\/p>\n<p class=\"md-end-block md-p\"><span class=\"md-plain\">W rzeczywisto\u015bci istnieje bardzo konkretny pow\u00f3d, kt\u00f3ry teraz wyja\u015bni\u0119.<\/span><\/p>\n<p class=\"md-end-block md-p\"><span class=\"md-plain\">Wiem, \u017ce od okresu &#8222;wykluczenia&#8221; min\u0119\u0142o ju\u017c troch\u0119 czasu, ale na pewno pami\u0119tacie, \u017ce wi\u0119kszo\u015b\u0107 z nas sp\u0119dzi\u0142a go \u015bpiewaj\u0105c na balkonach i&#8230; <strong>gotowaniu<\/strong>.<\/span><\/p>\n<p class=\"md-end-block md-p\"><span class=\"md-plain\">Ludzie biegali do supermarket\u00f3w w poszukiwaniu m\u0105ki i dro\u017cd\u017cy piwowarskich, aby upiec cokolwiek:<strong> pizz\u0119, chleb, ciasta, babeczki<\/strong>, co tylko chcesz.<\/span><\/p>\n<p class=\"md-end-block md-p\"><span class=\"md-plain\">Wszystko to pozwoli\u0142o bakteriom znale\u017a\u0107 podatny grunt: dlaczego?<\/span><\/p>\n<p class=\"md-end-block md-p\"><span class=\"md-plain\">Nale\u017cy wiedzie\u0107, \u017ce <strong>dieta oparta na rafinowanych w\u0119glowodanach i cukrach prostych mo\u017ce powodowa\u0107 zapalenie p\u0119cherza<\/strong> moczowego, poniewa\u017c s\u0105 to pokarmy sprzyjaj\u0105ce namna\u017caniu si\u0119 grzyb\u00f3w i bakterii.<\/span><\/p>\n<p class=\"md-end-block md-p\"><span class=\"md-plain\">W\u0142a\u015bnie dlatego <a href=\"https:\/\/www.dimann.com\/pl\/magazyn\/dieta-na-zapalenie-pecherza-jak-walczyc-z-nim-zaczynajac-od-diety\/\" target=\"_blank\" rel=\"noopener\">zdrowa, zbilansowana dieta<\/a> jest podstaw\u0105 porad dotycz\u0105cych zapobiegania zapaleniu p\u0119cherza moczowego. \u2764\ufe0f<\/span><\/p>\n<p class=\"md-end-block md-p\"><span class=\"md-plain\">W takich przypadkach wiele kobiet si\u0119gn\u0119\u0142o po <a href=\"https:\/\/www.dimann.com\/pl\/d-mannoza\/\" target=\"_blank\" rel=\"noopener\">D-mannoz\u0119<\/a>, naturaln\u0105 alternatyw\u0119 dla antybiotyk\u00f3w, kt\u00f3ra pomaga<strong> wydali\u0107 bakterie podczas sikania<\/strong>, a wi\u0119c w ca\u0142kowicie naturalny spos\u00f3b!<\/span><\/p>\n<p class=\"md-end-block md-p\"><span class=\"md-plain\">Ale jak?<\/span><\/p>\n<p class=\"md-end-block md-p\"><span class=\"md-plain\">Warto wiedzie\u0107, \u017ce ten prosty cukier jest szczeg\u00f3lnie lubiany przez ma\u0142e n\u00f3\u017cki &#8211; zwane <strong>lektynami<\/strong> &#8211; wielu bakterii, kt\u00f3re atakuj\u0105 \u015bciany p\u0119cherza moczowego.<\/span><\/p>\n<p class=\"md-end-block md-p\"><span class=\"md-plain\">W tym przypadku, dzi\u0119ki <strong>zdolno\u015bci adhezyjnej D-mannozy<\/strong>, zapobiega ona przywieraniu bakterii, a w konsekwencji rozwojowi infekcji. Hamuj\u0105c to wi\u0105zanie, bakterie nie przylegaj\u0105 do p\u0119cherza i nie &#8222;wymykaj\u0105 si\u0119&#8221; podczas oddawania moczu. <\/span><\/p>\n<p>Je\u015bli chcesz dowiedzie\u0107 si\u0119 wi\u0119cej<a href=\"https:\/\/www.dimann.com\/pl\/skontaktuj-sie-z-nami\/\" target=\"_blank\" rel=\"noopener\">, pami\u0119taj, \u017ce zawsze mo\u017cesz do mnie napisa\u0107.<\/a> \ud83e\udd70<\/p>\n<p>Obejmuj\u0119 ci\u0119 st\u0105d,<\/p>\n<p>Lorenza<\/p>\n<blockquote><p><strong>Przeczytaj r\u00f3wnie\u017c: <\/strong><a href=\"https:\/\/www.dimann.com\/pl\/magazyn\/zapalenie-pecherza-bez-pieczenia\/\" target=\"_blank\" rel=\"noopener\"><span data-sheets-value=\"{\" data-sheets-userformat=\"{\">Czy zapalenie p\u0119cherza moczowego mo\u017ce wyst\u0105pi\u0107 nawet bez pieczenia?<\/span><\/a><\/p><\/blockquote>\n<h3>W tym artykule rozmawiali\u015bmy o&#8230;<\/h3>\n<ul>\n<li>Zapalenie p\u0119cherza moczowego zwi\u0105zane z Covid-19 jest stanem, kt\u00f3ry wyst\u0119puje, gdy zaka\u017cenie Covid-19 obejmuje drogi moczowe, powoduj\u0105c objawy cz\u0119sto\u015bci oddawania moczu, nag\u0142ej potrzeby, ucisku i \/ lub b\u00f3lu.<\/li>\n<li>Zapalenie p\u0119cherza moczowego zwi\u0105zane z Covid-19 zosta\u0142o po raz pierwszy odkryte przez niemieckich urolog\u00f3w, kt\u00f3rzy opisali nag\u0142y pocz\u0105tek objaw\u00f3w ze strony uk\u0142adu moczowego u pacjent\u00f3w z Covid-19.<\/li>\n<li>Nast\u0119pnie naukowcy odkryli, \u017ce znaczna liczba pacjent\u00f3w hospitalizowanych z powodu Covid mia\u0142a nasilone objawy ze strony uk\u0142adu moczowego.<\/li>\n<li>Badanie opublikowane w Journal of Clinical Medicine wykaza\u0142o, \u017ce szczepionki przeciwko Covid-19 firm Astrazeneca, Moderna i Pfizer by\u0142y zwi\u0105zane ze znacznym pogorszeniem objaw\u00f3w ze strony dolnych dr\u00f3g moczowych oraz wi\u0119ksz\u0105 obserwowan\u0105 zmian\u0105 cz\u0119stotliwo\u015bci i pilno\u015bci oddawania moczu.<\/li>\n<li>Dieta oparta na rafinowanych w\u0119glowodanach i cukrach prostych mo\u017ce powodowa\u0107 zapalenie p\u0119cherza moczowego, poniewa\u017c pokarmy te sprzyjaj\u0105 namna\u017caniu si\u0119 zanieczyszcze\u0144 i bakterii. Zdrowa, zbilansowana dieta jest podstaw\u0105 porad dotycz\u0105cych zapobiegania zapaleniu p\u0119cherza moczowego. W przypadku infekcji, D-mannoza mo\u017ce by\u0107 naturaln\u0105 alternatyw\u0105 dla antybiotyk\u00f3w.<\/li>\n<\/ul>\n<hr \/>\n<h2>Cz\u0119sto zadawane pytania dotycz\u0105ce zwi\u0105zku mi\u0119dzy Covid a zapaleniem p\u0119cherza moczowego<\/h2>\n<p><script type=\"application\/ld+json\">\n{\n  \"@context\": \"https:\/\/schema.org\",\n  \"@type\": \"FAQPage\",\n  \"mainEntity\": [\n    {\n      \"@type\": \"Question\",\n      \"name\": \"Che cos'\u00e8 la cistite associata a Covid?\",\n      \"acceptedAnswer\": {\n        \"@type\": \"Answer\",\n        \"text\": \"La cistite associata a Covid \u00e8 il risultato dell'infezione da Covid-19 che colpisce il tratto urinario, provocando i sintomi di frequenza urinaria, urgenza, pressione e\/o dolore.\"\n      }\n    },\n    {\n      \"@type\": \"Question\",\n      \"name\": \"Quali sono gli effetti dei vaccini Covid-19 sulla cistite?\",\n      \"acceptedAnswer\": {\n        \"@type\": \"Answer\",\n        \"text\": \"Secondo uno studio pubblicato sul Journal of Clinical Medicine, i vaccini Covid-19 di Astrazeneca, Moderna e Pfizer sono stati associati a un significativo peggioramento dei sintomi del tratto urinario inferiore e a una maggiore variazione rilevata della frequenza e dell'urgenza urinaria. Gli effetti avversi pi\u00f9 frequenti sono stati l'urgenza urinaria, la frequenza a urinare, la nicturia e l'incontinenza urinaria. Tuttavia, sono necessari ulteriori studi prospettici per dimostrare l'associazione causale tra il vaccino e i sintomi urinari dopo la vaccinazione.\"\n      }\n    },\n    {\n      \"@type\": \"Question\",\n      \"name\": \"Perch\u00e9 tante persone hanno sofferto di cistite durante la pandemia?\",\n      \"acceptedAnswer\": {\n        \"@type\": \"Answer\",\n        \"text\": \"Durante il lockdown, molte persone hanno consumato una dieta a base di carboidrati raffinati e zuccheri semplici, che possono causare l'insorgenza di una cistite perch\u00e9 favoriscono la proliferazione di fughi e batteri. Inoltre, il periodo di lockdown ha causato una riduzione delle attivit\u00e0 fisiche e un aumento dello stress, che possono contribuire all'insorgenza della cistite. \"\n      }\n    }\n  ]\n}\n<\/script><br \/>\n<strong>Co to jest zapalenie p\u0119cherza moczowego zwi\u0105zane z Covid?<\/strong><br \/>\nZwi\u0105zane z Covid-19 zapalenie p\u0119cherza moczowego jest wynikiem zaka\u017cenia Covid-19 obejmuj\u0105cego drogi moczowe, powoduj\u0105c znane nam ju\u017c objawy cz\u0119stomoczu, parcia na mocz i\/lub b\u00f3lu.<\/p>\n<p><strong>Jak wykryto zapalenie p\u0119cherza moczowego zwi\u0105zane z Covid?<\/strong><br \/>\nNa pocz\u0105tku pandemii niemieccy urolodzy jako pierwsi opisali nag\u0142y pocz\u0105tek objaw\u00f3w ze strony uk\u0142adu moczowego u pacjent\u00f3w z Covid-19. Podzielili si\u0119 niezwyk\u0142ym przypadkiem pacjenta przyj\u0119tego do szpitala, kt\u00f3ry zg\u0142osi\u0142 gor\u0105czk\u0119, dreszcze, b\u00f3l, parcie nagl\u0105ce i nasilone objawy ze strony uk\u0142adu moczowego, chocia\u017c nie by\u0142o \u017cadnych oznak typowej bakteryjnej infekcji dr\u00f3g moczowych.<\/p>\n<p><strong>Dlaczego tak wiele os\u00f3b cierpia\u0142o na zapalenie p\u0119cherza moczowego podczas pandemii?<\/strong><br \/>\nPodczas lockdownu wiele os\u00f3b spo\u017cywa\u0142o diet\u0119 zawieraj\u0105c\u0105 rafinowane w\u0119glowodany i cukry proste, kt\u00f3re mog\u0105 powodowa\u0107 zapalenie p\u0119cherza moczowego, poniewa\u017c sprzyjaj\u0105 namna\u017caniu si\u0119 zanieczyszcze\u0144 i bakterii. Ponadto okres blokady spowodowa\u0142 zmniejszenie aktywno\u015bci fizycznej i zwi\u0119kszony stres, co mo\u017ce przyczyni\u0107 si\u0119 do wyst\u0105pienia zapalenia p\u0119cherza moczowego.<\/p>\n","protected":false},"excerpt":{"rendered":"<p>M\u00f3j drogi przyjacielu, Pandemia Covid-19 wstrz\u0105sn\u0119\u0142a ca\u0142ym \u015bwiatem i spowodowa\u0142a wiele nieprzewidywalnych konsekwencji. Ale czy kiedykolwiek wyobra\u017ca\u0142e\u015b sobie, \u017ce ta choroba mo\u017ce r\u00f3wnie\u017c wp\u0142ywa\u0107 na objawy zapalenia p\u0119cherza? W tym artykule odkrywamy zwi\u0105zek mi\u0119dzy Covid-19 a zapaleniem p\u0119cherza moczowego. Zapalenie p\u0119cherza i Covid-19: w jaki spos\u00f3b s\u0105 ze sob\u0105 powi\u0105zane Jaki jest zwi\u0105zek mi\u0119dzy Covid-19 [&hellip;]<\/p>\n","protected":false},"author":19,"featured_media":47666,"comment_status":"closed","ping_status":"closed","sticky":false,"template":"","format":"standard","meta":{"_acf_changed":false,"footnotes":""},"categories":[1082,1079],"tags":[1080],"class_list":["post-47664","post","type-post","status-publish","format-standard","has-post-thumbnail","hentry","category-dobre-samopoczucie","category-magazyn","tag-przyczyny"],"acf":[],"yoast_head":"<!-- This site is optimized with the Yoast SEO plugin v27.5 - https:\/\/yoast.com\/product\/yoast-seo-wordpress\/ -->\n<title>Covid i zapalenie p\u0119cherza moczowego: czy s\u0105 ze sob\u0105 powi\u0105zane? \ud83e\udd28 | Dimann<\/title>\n<meta name=\"description\" content=\"Z tego powodu jeszcze wi\u0119cej os\u00f3b cierpi na zapalenie p\u0119cherza moczowego podczas epidemii Covid-19. Dowiedz si\u0119 wi\u0119cej &gt;&gt; Przejd\u017a do ca\u0142ego artyku\u0142u!\" \/>\n<meta name=\"robots\" content=\"index, follow, max-snippet:-1, max-image-preview:large, max-video-preview:-1\" \/>\n<link rel=\"canonical\" href=\"https:\/\/www.dimann.com\/pl\/magazyn\/covid-i-zapalenie-pecherza\/\" \/>\n<meta property=\"og:locale\" content=\"pl_PL\" \/>\n<meta property=\"og:type\" content=\"article\" \/>\n<meta property=\"og:title\" content=\"Covid i zapalenie p\u0119cherza moczowego: czy s\u0105 ze sob\u0105 powi\u0105zane? \ud83e\udd28 | Dimann\" \/>\n<meta property=\"og:description\" content=\"Z tego powodu jeszcze wi\u0119cej os\u00f3b cierpi na zapalenie p\u0119cherza moczowego podczas epidemii Covid-19. Dowiedz si\u0119 wi\u0119cej &gt;&gt; Przejd\u017a do ca\u0142ego artyku\u0142u!\" \/>\n<meta property=\"og:url\" content=\"https:\/\/www.dimann.com\/pl\/magazyn\/covid-i-zapalenie-pecherza\/\" \/>\n<meta property=\"og:site_name\" content=\"Dimann\" \/>\n<meta property=\"article:publisher\" content=\"https:\/\/www.facebook.com\/pg\/Dimann.cistite\/posts\/\" \/>\n<meta property=\"article:published_time\" content=\"2025-03-24T09:19:25+00:00\" \/>\n<meta property=\"article:modified_time\" content=\"2025-10-14T17:02:38+00:00\" \/>\n<meta property=\"og:image\" content=\"https:\/\/www.dimann.com\/wp-content\/uploads\/2023\/04\/covid-cistite.jpg\" \/>\n\t<meta property=\"og:image:width\" content=\"800\" \/>\n\t<meta property=\"og:image:height\" content=\"450\" \/>\n\t<meta property=\"og:image:type\" content=\"image\/jpeg\" \/>\n<meta name=\"author\" content=\"Roberto Serra\" \/>\n<meta name=\"twitter:card\" content=\"summary_large_image\" \/>\n<meta name=\"twitter:label1\" content=\"Napisane przez\" \/>\n\t<meta name=\"twitter:data1\" content=\"Roberto Serra\" \/>\n\t<meta name=\"twitter:label2\" content=\"Szacowany czas czytania\" \/>\n\t<meta name=\"twitter:data2\" content=\"6 minut\" \/>\n<!-- \/ Yoast SEO plugin. -->","yoast_head_json":{"title":"Covid i zapalenie p\u0119cherza moczowego: czy s\u0105 ze sob\u0105 powi\u0105zane? \ud83e\udd28 | Dimann","description":"Z tego powodu jeszcze wi\u0119cej os\u00f3b cierpi na zapalenie p\u0119cherza moczowego podczas epidemii Covid-19. Dowiedz si\u0119 wi\u0119cej >> Przejd\u017a do ca\u0142ego artyku\u0142u!","robots":{"index":"index","follow":"follow","max-snippet":"max-snippet:-1","max-image-preview":"max-image-preview:large","max-video-preview":"max-video-preview:-1"},"canonical":"https:\/\/www.dimann.com\/pl\/magazyn\/covid-i-zapalenie-pecherza\/","og_locale":"pl_PL","og_type":"article","og_title":"Covid i zapalenie p\u0119cherza moczowego: czy s\u0105 ze sob\u0105 powi\u0105zane? \ud83e\udd28 | Dimann","og_description":"Z tego powodu jeszcze wi\u0119cej os\u00f3b cierpi na zapalenie p\u0119cherza moczowego podczas epidemii Covid-19. Dowiedz si\u0119 wi\u0119cej >> Przejd\u017a do ca\u0142ego artyku\u0142u!","og_url":"https:\/\/www.dimann.com\/pl\/magazyn\/covid-i-zapalenie-pecherza\/","og_site_name":"Dimann","article_publisher":"https:\/\/www.facebook.com\/pg\/Dimann.cistite\/posts\/","article_published_time":"2025-03-24T09:19:25+00:00","article_modified_time":"2025-10-14T17:02:38+00:00","og_image":[{"width":800,"height":450,"url":"https:\/\/www.dimann.com\/wp-content\/uploads\/2023\/04\/covid-cistite.jpg","type":"image\/jpeg"}],"author":"Roberto Serra","twitter_card":"summary_large_image","twitter_misc":{"Napisane przez":"Roberto Serra","Szacowany czas czytania":"6 minut"},"schema":{"@context":"https:\/\/schema.org","@graph":[{"@type":"Article","@id":"https:\/\/www.dimann.com\/pl\/magazyn\/covid-i-zapalenie-pecherza\/#article","isPartOf":{"@id":"https:\/\/www.dimann.com\/pl\/magazyn\/covid-i-zapalenie-pecherza\/"},"author":{"name":"Roberto Serra","@id":"https:\/\/www.dimann.com\/pl\/#\/schema\/person\/379a3676fd6c50c0c0d306b19016129f"},"headline":"Covid-19 a zapalenie p\u0119cherza: zwi\u0105zek i objawy","datePublished":"2025-03-24T09:19:25+00:00","dateModified":"2025-10-14T17:02:38+00:00","mainEntityOfPage":{"@id":"https:\/\/www.dimann.com\/pl\/magazyn\/covid-i-zapalenie-pecherza\/"},"wordCount":1325,"publisher":{"@id":"https:\/\/www.dimann.com\/pl\/#organization"},"image":{"@id":"https:\/\/www.dimann.com\/pl\/magazyn\/covid-i-zapalenie-pecherza\/#primaryimage"},"thumbnailUrl":"https:\/\/www.dimann.com\/wp-content\/uploads\/2023\/04\/covid-cistite.jpg","keywords":["Przyczyny"],"articleSection":["Dobre samopoczucie","Magazyn"],"inLanguage":"pl-PL"},{"@type":"WebPage","@id":"https:\/\/www.dimann.com\/pl\/magazyn\/covid-i-zapalenie-pecherza\/","url":"https:\/\/www.dimann.com\/pl\/magazyn\/covid-i-zapalenie-pecherza\/","name":"Covid i zapalenie p\u0119cherza moczowego: czy s\u0105 ze sob\u0105 powi\u0105zane? \ud83e\udd28 | Dimann","isPartOf":{"@id":"https:\/\/www.dimann.com\/pl\/#website"},"primaryImageOfPage":{"@id":"https:\/\/www.dimann.com\/pl\/magazyn\/covid-i-zapalenie-pecherza\/#primaryimage"},"image":{"@id":"https:\/\/www.dimann.com\/pl\/magazyn\/covid-i-zapalenie-pecherza\/#primaryimage"},"thumbnailUrl":"https:\/\/www.dimann.com\/wp-content\/uploads\/2023\/04\/covid-cistite.jpg","datePublished":"2025-03-24T09:19:25+00:00","dateModified":"2025-10-14T17:02:38+00:00","description":"Z tego powodu jeszcze wi\u0119cej os\u00f3b cierpi na zapalenie p\u0119cherza moczowego podczas epidemii Covid-19. Dowiedz si\u0119 wi\u0119cej >> Przejd\u017a do ca\u0142ego artyku\u0142u!","breadcrumb":{"@id":"https:\/\/www.dimann.com\/pl\/magazyn\/covid-i-zapalenie-pecherza\/#breadcrumb"},"inLanguage":"pl-PL","potentialAction":[{"@type":"ReadAction","target":["https:\/\/www.dimann.com\/pl\/magazyn\/covid-i-zapalenie-pecherza\/"]}]},{"@type":"ImageObject","inLanguage":"pl-PL","@id":"https:\/\/www.dimann.com\/pl\/magazyn\/covid-i-zapalenie-pecherza\/#primaryimage","url":"https:\/\/www.dimann.com\/wp-content\/uploads\/2023\/04\/covid-cistite.jpg","contentUrl":"https:\/\/www.dimann.com\/wp-content\/uploads\/2023\/04\/covid-cistite.jpg","width":800,"height":450},{"@type":"BreadcrumbList","@id":"https:\/\/www.dimann.com\/pl\/magazyn\/covid-i-zapalenie-pecherza\/#breadcrumb","itemListElement":[{"@type":"ListItem","position":1,"name":"Magazyn","item":"https:\/\/www.dimann.com\/pl\/magazyn\/"},{"@type":"ListItem","position":2,"name":"Covid-19 a Zapalenie P\u0119cherza: Niespodziewane Powi\u0105zania"}]},{"@type":"WebSite","@id":"https:\/\/www.dimann.com\/pl\/#website","url":"https:\/\/www.dimann.com\/pl\/","name":"Dimann","description":"","publisher":{"@id":"https:\/\/www.dimann.com\/pl\/#organization"},"potentialAction":[{"@type":"SearchAction","target":{"@type":"EntryPoint","urlTemplate":"https:\/\/www.dimann.com\/pl\/?s={search_term_string}"},"query-input":{"@type":"PropertyValueSpecification","valueRequired":true,"valueName":"search_term_string"}}],"inLanguage":"pl-PL"},{"@type":"Organization","@id":"https:\/\/www.dimann.com\/pl\/#organization","name":"Dimann","url":"https:\/\/www.dimann.com\/pl\/","logo":{"@type":"ImageObject","inLanguage":"pl-PL","@id":"https:\/\/www.dimann.com\/pl\/#\/schema\/logo\/image\/","url":"https:\/\/www.dimann.com\/wp-content\/uploads\/2019\/07\/logo.svg","contentUrl":"https:\/\/www.dimann.com\/wp-content\/uploads\/2019\/07\/logo.svg","width":1,"height":1,"caption":"Dimann"},"image":{"@id":"https:\/\/www.dimann.com\/pl\/#\/schema\/logo\/image\/"},"sameAs":["https:\/\/www.facebook.com\/pg\/Dimann.cistite\/posts\/","https:\/\/www.instagram.com\/dimann_official\/"]},{"@type":"Person","@id":"https:\/\/www.dimann.com\/pl\/#\/schema\/person\/379a3676fd6c50c0c0d306b19016129f","name":"Roberto Serra"}]}},"_links":{"self":[{"href":"https:\/\/www.dimann.com\/pl\/wp-json\/wp\/v2\/posts\/47664","targetHints":{"allow":["GET"]}}],"collection":[{"href":"https:\/\/www.dimann.com\/pl\/wp-json\/wp\/v2\/posts"}],"about":[{"href":"https:\/\/www.dimann.com\/pl\/wp-json\/wp\/v2\/types\/post"}],"author":[{"embeddable":true,"href":"https:\/\/www.dimann.com\/pl\/wp-json\/wp\/v2\/users\/19"}],"replies":[{"embeddable":true,"href":"https:\/\/www.dimann.com\/pl\/wp-json\/wp\/v2\/comments?post=47664"}],"version-history":[{"count":4,"href":"https:\/\/www.dimann.com\/pl\/wp-json\/wp\/v2\/posts\/47664\/revisions"}],"predecessor-version":[{"id":56532,"href":"https:\/\/www.dimann.com\/pl\/wp-json\/wp\/v2\/posts\/47664\/revisions\/56532"}],"wp:featuredmedia":[{"embeddable":true,"href":"https:\/\/www.dimann.com\/pl\/wp-json\/wp\/v2\/media\/47666"}],"wp:attachment":[{"href":"https:\/\/www.dimann.com\/pl\/wp-json\/wp\/v2\/media?parent=47664"}],"wp:term":[{"taxonomy":"category","embeddable":true,"href":"https:\/\/www.dimann.com\/pl\/wp-json\/wp\/v2\/categories?post=47664"},{"taxonomy":"post_tag","embeddable":true,"href":"https:\/\/www.dimann.com\/pl\/wp-json\/wp\/v2\/tags?post=47664"}],"curies":[{"name":"wp","href":"https:\/\/api.w.org\/{rel}","templated":true}]}}