{"id":47675,"date":"2025-03-24T10:19:31","date_gmt":"2025-03-24T09:19:31","guid":{"rendered":"https:\/\/www.dimann.com\/bez-kategorii\/cistite-e-colon-irritabile\/"},"modified":"2025-10-14T19:02:29","modified_gmt":"2025-10-14T17:02:29","slug":"zapalenie-pecherza-i-zespol-jelita-drazliwego","status":"publish","type":"post","link":"https:\/\/www.dimann.com\/pl\/magazyn\/zapalenie-pecherza-i-zespol-jelita-drazliwego\/","title":{"rendered":"Zesp\u00f3\u0142 jelita dra\u017cliwego a \u015br\u00f3dmi\u0105\u017cszowe zapalenie p\u0119cherza"},"content":{"rendered":"<p>Drogi czytelniku, \u2764\ufe0f<\/p>\n<p>Czy wiesz, co wsp\u00f3lnego maj\u0105 ze sob\u0105 zesp\u00f3\u0142 jelita dra\u017cliwego i \u015br\u00f3dmi\u0105\u017cszowe zapalenie p\u0119cherza moczowego?<\/p>\n<p>Oba te zaburzenia mog\u0105 znacz\u0105co wp\u0142ywa\u0107 na jako\u015b\u0107 \u017cycia danej osoby. Je\u015bli cierpisz na jedno z tych zaburze\u0144 lub po prostu chcesz dowiedzie\u0107 si\u0119 wi\u0119cej, jeste\u015b we w\u0142a\u015bciwym miejscu.<\/p>\n<p>W tym artykule wsp\u00f3lnie przeanalizujemy mo\u017cliwe przyczyny i objawy zespo\u0142u jelita dra\u017cliwego i \u015br\u00f3dmi\u0105\u017cszowego zapalenia p\u0119cherza moczowego.<\/p>\n<h2>\u015ar\u00f3dmi\u0105\u017cszowe zapalenie p\u0119cherza moczowego i zesp\u00f3\u0142 jelita dra\u017cliwego: czy istnieje korelacja?<\/h2>\n<h3>Objawy zespo\u0142u jelita dra\u017cliwego<\/h3>\n<p>U wi\u0119kszo\u015bci os\u00f3b z zespo\u0142em jelita dra\u017cliwego objawy ograniczaj\u0105 si\u0119 do sporadycznego dyskomfortu. Jednak w przypadku innych os\u00f3b <strong>stan ten powa\u017cnie wp\u0142ywa na jako\u015b\u0107 ich \u017cycia<\/strong>.<\/p>\n<p>Najcz\u0119stszym objawem jest<strong> b\u00f3l lub dyskomfort w<\/strong> jamie brzusznej, najcz\u0119\u015bciej po lewej stronie podbrzusza. W szczeg\u00f3lno\u015bci kobiety cz\u0119sto dostrzegaj\u0105 zwi\u0105zek mi\u0119dzy b\u00f3lem a <a href=\"https:\/\/www.dimann.com\/pl\/magazyn\/zapalenie-pecherza-i-cykl-menstruacyjny-powiazania\/\" target=\"_blank\" rel=\"noopener\">cyklem miesi\u0105czkowym<\/a>.<\/p>\n<p>Innym cz\u0119stym objawem jest <strong>zmiana nawyk\u00f3w jelitowych<\/strong>.<\/p>\n<p>M\u00f3wi\u0105c dok\u0142adniej, wypr\u00f3\u017cnienia mog\u0105 wyst\u0119powa\u0107 naprzemiennie <strong>z zaparciami i biegunk\u0105<\/strong>: od czasu do czasu mo\u017cna odczuwa\u0107 nag\u0142\u0105 potrzeb\u0119 p\u00f3j\u015bcia do toalety lub bardzo napi\u0119te jelita. Nast\u0119pnie mo\u017cna mie\u0107 wra\u017cenie, \u017ce jelita nie opr\u00f3\u017cni\u0142y si\u0119 ca\u0142kowicie.<\/p>\n<p>Innymi objawami zespo\u0142u jelita dra\u017cliwego mog\u0105 by\u0107:<\/p>\n<ul>\n<li>z\u0142e samopoczucie;<\/li>\n<li>niestrawno\u015b\u0107;<\/li>\n<li>b\u00f3l g\u0142owy;<\/li>\n<li>b\u00f3l plec\u00f3w;<\/li>\n<li>zm\u0119czenie;<\/li>\n<li>uczucie obrz\u0119ku;<\/li>\n<li>problemy z p\u0119cherzem moczowym, takie jak <a href=\"https:\/\/www.dimann.com\/pl\/zapalenie-pecherza-moczowego-ostateczny-przewodnik-lorenza\/\" target=\"_blank\" rel=\"noopener\">potrzeba cz\u0119stszego oddawania moczu;<\/a><\/li>\n<li>problemy w \u017cyciu seksualnym, takie jak <a href=\"https:\/\/www.dimann.com\/pl\/magazyn\/pieczenie-po-stosunku-bez-prezerwatywy\/\" target=\"_blank\" rel=\"noopener\">b\u00f3l podczas lub po stosunku<\/a> lub utrata zainteresowania seksualnego;<\/li>\n<li>niepok\u00f3j;<\/li>\n<li>depresja.<\/li>\n<\/ul>\n<blockquote><p><strong>Przeczytaj r\u00f3wnie\u017c: <\/strong><a href=\"https:\/\/www.dimann.com\/pl\/magazyn\/mancznica-lesna-i-zapalenie-pecherza\/\" target=\"_blank\" rel=\"noopener\">Wp\u0142yw m\u0105cznicy lekarskiej na zapalenie p\u0119cherza moczowego: wszystko, co musisz wiedzie\u0107<\/a><\/p><\/blockquote>\n<h3>Przyczyny zespo\u0142u jelita dra\u017cliwego<\/h3>\n<p>Dok\u0142adne przyczyny rozwoju zespo\u0142u jelita dra\u017cliwego nie s\u0105 obecnie znane.<\/p>\n<p>Tak czy inaczej, mog\u0105 to by\u0107 kombinacje:<\/p>\n<ul>\n<li><strong>cz\u0119stsze lub bardziej intensywne skurcze<\/strong> mi\u0119\u015bni \u015bciany jelita: mo\u017ce to wyst\u0105pi\u0107, je\u015bli sygna\u0142y z m\u00f3zgu do \u017co\u0142\u0105dka zostan\u0105 w jaki\u015b spos\u00f3b przerwane podczas przechodzenia pokarmu przez przew\u00f3d pokarmowy;<\/li>\n<li>zwi\u0119kszona <strong>wra\u017cliwo\u015b\u0107 na b\u00f3l wewn\u0119trzny<\/strong>;<\/li>\n<li><strong>zapalenie<\/strong> jelit, np. w nast\u0119pstwie infekcji, takiej jak zapalenie \u017co\u0142\u0105dka i jelit;<\/li>\n<li>ich <strong>dziedzictwo genetyczne<\/strong>;<\/li>\n<li>czynniki psychologiczne, <a href=\"https:\/\/www.dimann.com\/pl\/magazyn\/stres-moze-powodowac-cistite\/\" target=\"_blank\" rel=\"noopener\">takie jak stres<\/a>;<\/li>\n<li><strong>antybiotyki i niesteroidowe leki przeciwzapalne<\/strong> (NLPZ), takie jak ibuprofen i diklofenak.<\/li>\n<\/ul>\n<h3>Zesp\u00f3\u0142 jelita dra\u017cliwego i \u015br\u00f3dmi\u0105\u017cszowe zapalenie p\u0119cherza moczowego: czy s\u0105 ze sob\u0105 powi\u0105zane?<\/h3>\n<p>Chocia\u017c dok\u0142adna przyczyna <a href=\"https:\/\/www.dimann.com\/pl\/dobre-samopoczucie\/srodmiazszowe-zapalenie-pecherza-moczowego\/\" target=\"_blank\" rel=\"noopener\">\u015br\u00f3dmi\u0105\u017cszowego zapalenia p\u0119cherza<\/a> moczowego nie jest znana, prawdopodobnie przyczynia si\u0119 do niej wiele czynnik\u00f3w.<\/p>\n<p>Na przyk\u0142ad osoby ze \u015br\u00f3dmi\u0105\u017cszowym zapaleniem p\u0119cherza moczowego mog\u0105 mie\u0107 r\u00f3wnie\u017c defekt ochronnej wy\u015bci\u00f3\u0142ki (nab\u0142onka) p\u0119cherza moczowego. Nieszczelno\u015b\u0107 nab\u0142onka mo\u017ce powodowa\u0107<strong> podra\u017cnienie \u015bciany p\u0119cherza przez toksyczne substancje zawarte w moczu<\/strong>.<\/p>\n<p>Inne mo\u017cliwe, ale niepotwierdzone czynniki to <strong>reakcja autoimmunologiczna, dziedziczno\u015b\u0107, infekcja lub alergia<\/strong>.<\/p>\n<p>Ale to nie wszystko.<\/p>\n<p>Nast\u0119puj\u0105ce czynniki s\u0105 zwi\u0105zane ze zwi\u0119kszonym ryzykiem \u015br\u00f3dmi\u0105\u017cszowego zapalenia p\u0119cherza moczowego:<\/p>\n<ul>\n<li><strong>p\u0142e\u0107<\/strong>: \u015br\u00f3dmi\u0105\u017cszowe zapalenie p\u0119cherza moczowego jest cz\u0119\u015bciej diagnozowane u kobiet <a href=\"https:\/\/www.dimann.com\/pl\/magazyn\/zapalenie-pecherza-u-mezczyzn\/\" target=\"_blank\" rel=\"noopener\">ni\u017c u m\u0119\u017cczyzn<\/a>. U m\u0119\u017cczyzn objawy mog\u0105 przypomina\u0107 objawy \u015br\u00f3dmi\u0105\u017cszowego zapalenia p\u0119cherza moczowego, ale cz\u0119sto s\u0105 zwi\u0105zane ze stanem zapalnym gruczo\u0142u krokowego (zapalenie gruczo\u0142u krokowego);<\/li>\n<li><strong>wiek<\/strong>: u wi\u0119kszo\u015bci os\u00f3b \u015br\u00f3dmi\u0105\u017cszowe zapalenie p\u0119cherza moczowego diagnozuje si\u0119 po trzydziestym roku \u017cycia;<\/li>\n<li><strong>cierpi na przewlek\u0142e zaburzenie b\u00f3l<\/strong>owe: \u015br\u00f3dmi\u0105\u017cszowe zapalenie p\u0119cherza moczowego mo\u017ce by\u0107 zwi\u0105zane z innym przewlek\u0142ym zaburzeniem b\u00f3lowym, <strong>takim jak zesp\u00f3\u0142 jelita dra\u017cliwego lub fibromialgia<\/strong>.<\/li>\n<\/ul>\n<p>Zgadza si\u0119, tak po prostu.<\/p>\n<p>Na przestrzeni lat przeprowadzono badania wykazuj\u0105ce, \u017ce<strong> osoby cierpi\u0105ce na \u015br\u00f3dmi\u0105\u017cszowe zapalenie p\u0119cherza moczowego cz\u0119\u015bciej cierpi\u0105 na inne przewlek\u0142e zaburzenia<\/strong>, w tym zesp\u00f3\u0142 jelita dra\u017cliwego.<\/p>\n<p>Przyczyna tego nak\u0142adania si\u0119 nie jest znana, ale sugeruje <strong>bardziej og\u00f3lnoustrojow\u0105 dysfunkcj\u0119<\/strong>. Naukowcy badaj\u0105 rol\u0119 proces\u00f3w zapalnych, &#8222;wra\u017cliwo\u015bci krzy\u017cowej&#8221; mi\u0119dzy nerwami p\u0119cherza i jelit oraz innych dysfunkcji o\u015brodkowego uk\u0142adu nerwowego, aby lepiej zrozumie\u0107 podstawowe czynniki odpowiedzialne za inicjowanie i utrzymywanie tych przewlek\u0142ych stan\u00f3w.<\/p>\n<p>Je\u015bli kto\u015b odkryje, \u017ce cierpi na oba schorzenia, idealnym rozwi\u0105zaniem by\u0142oby <strong>nawi\u0105zanie dobrej wsp\u00f3\u0142pracy z lekarzem.<\/strong> Tylko specjalista mo\u017ce pom\u00f3c pacjentowi wybra\u0107 mi\u0119dzy r\u00f3\u017cnymi opcjami leczenia obu schorze\u0144, aby zidentyfikowa\u0107 te, kt\u00f3re mog\u0105 przynie\u015b\u0107 korzy\u015bci obu, bez zaostrzania jednego lub drugiego.<\/p>\n<p>Ale to nie wszystko.<\/p>\n<p>Poniewa\u017c wiadomo, \u017ce <a href=\"https:\/\/www.dimann.com\/pl\/magazyn\/dieta-na-zapalenie-pecherza-jak-walczyc-z-nim-zaczynajac-od-diety\/\" target=\"_blank\" rel=\"noopener\">niekt\u00f3re pokarmy<\/a> nasilaj\u0105 oba schorzenia, prowadzenie dziennika objaw\u00f3w i <strong>przestrzeganie diety eliminacyjnej<\/strong> &#8211; z pomoc\u0105 eksperta &#8211; mo\u017ce pom\u00f3c zidentyfikowa\u0107 pokarmy, kt\u00f3re przyczyniaj\u0105 si\u0119 do objaw\u00f3w jelitowych lub p\u0119cherzowych.<\/p>\n<p>Wreszcie, poniewa\u017c mo\u017cliwe jest, \u017ce istnieje dysfunkcja na poziomie og\u00f3lnoustrojowym, kt\u00f3ra przyczynia si\u0119 zar\u00f3wno do \u015br\u00f3dmi\u0105\u017cszowego zapalenia p\u0119cherza moczowego, jak i problem\u00f3w zwi\u0105zanych z zespo\u0142em jelita dra\u017cliwego, przydatne mo\u017ce by\u0107<strong> rozwa\u017cenie holistycznego podej\u015bcia do zdrowia<\/strong>.<\/p>\n<p>Kt\u00f3re?<\/p>\n<p>Aktywno\u015bci umys\u0142\/cia\u0142o, takie jak <strong>joga, medytacja i regularne stosowanie \u0107wicze\u0144 relaksacyjnych<\/strong>, mog\u0105 pom\u00f3c z\u0142agodzi\u0107 niepok\u00f3j i <a href=\"https:\/\/www.dimann.com\/pl\/magazyn\/stres-moze-powodowac-cistite\/\">stres<\/a>, inne czynniki, kt\u00f3re mog\u0105 zwi\u0119ksza\u0107 odczuwanie b\u00f3lu.<\/p>\n<p>W razie jakichkolwiek w\u0105tpliwo\u015bci, pami\u0119taj, \u017ce zawsze mo\u017cesz do mnie napisa\u0107! \u2764\ufe0f<\/p>\n<p>Obejmuj\u0119 ci\u0119 mocno,<\/p>\n<p>Lorenza<\/p>\n<blockquote><p><strong>Przeczytaj tak\u017ce: <\/strong><a href=\"https:\/\/www.dimann.com\/pl\/magazyn\/covid-i-zapalenie-pecherza\/\" target=\"_blank\" rel=\"noopener\">Dlaczego jeszcze wi\u0119cej os\u00f3b cierpi na zapalenie p\u0119cherza moczowego podczas epidemii Covid-19?<\/a><\/p><\/blockquote>\n<h3>W tym artykule rozmawiali\u015bmy o&#8230;<\/h3>\n<ul>\n<li>Najcz\u0119stszym objawem zespo\u0142u jelita dra\u017cliwego jest b\u00f3l lub dyskomfort w jamie brzusznej, najcz\u0119\u015bciej po lewej stronie podbrzusza. Kobiety cz\u0119sto widz\u0105 zwi\u0105zek mi\u0119dzy b\u00f3lem a cyklem miesi\u0105czkowym.<\/li>\n<li>Inne objawy mog\u0105 obejmowa\u0107 z\u0142e samopoczucie, niestrawno\u015b\u0107, b\u00f3l g\u0142owy, b\u00f3l plec\u00f3w, wzd\u0119cia, problemy z p\u0119cherzem i seksualne, niepok\u00f3j i depresj\u0119.<\/li>\n<li>Dok\u0142adne powody, dla kt\u00f3rych u danej osoby mo\u017ce rozwin\u0105\u0107 si\u0119 zesp\u00f3\u0142 jelita dra\u017cliwego, s\u0105 obecnie nieznane, ale mo\u017ce to by\u0107 po\u0142\u0105czenie cz\u0119stszych lub bardziej intensywnych skurcz\u00f3w mi\u0119\u015bni \u015bciany jelita, zwi\u0119kszonej wra\u017cliwo\u015bci na b\u00f3l, stanu zapalnego jelita, dziedziczenia genetycznego, czynnik\u00f3w psychologicznych i lek\u00f3w. Ponadto mo\u017ce by\u0107 zwi\u0105zana z innymi przewlek\u0142ymi zaburzeniami, takimi jak \u015br\u00f3dmi\u0105\u017cszowe zapalenie p\u0119cherza moczowego i fibromialgia.<\/li>\n<li>Dok\u0142adne przyczyny \u015br\u00f3dmi\u0105\u017cszowego zapalenia p\u0119cherza moczowego nie s\u0105 znane, ale mog\u0105 by\u0107 zwi\u0105zane z takimi czynnikami jak defekt ochronnej wy\u015bci\u00f3\u0142ki p\u0119cherza moczowego, reakcja autoimmunologiczna, dziedziczno\u015b\u0107, infekcja lub alergia.<\/li>\n<\/ul>\n<h3>FAQ na temat korelacji mi\u0119dzy zapaleniem p\u0119cherza moczowego a zespo\u0142em jelita dra\u017cliwego<\/h3>\n<p><script type=\"application\/ld+json\">\n{\n  \"@context\": \"https:\/\/schema.org\",\n  \"@type\": \"FAQPage\",\n  \"mainEntity\": [\n    {\n      \"@type\": \"Question\",\n      \"name\": \"Quali sono i sintomi della sindrome dell'intestino irritabile?\",\n      \"acceptedAnswer\": {\n        \"@type\": \"Answer\",\n        \"text\": \"I sintomi pi\u00f9 comuni della sindrome dell'intestino irritabile includono il dolore o il fastidio all'addome, pi\u00f9 spesso sul lato sinistro dell'addome inferiore, e il cambiamento delle abitudini intestinali. Altri sintomi possono includere la sensazione di malessere, indigestione, mal di testa, mal di schiena, sensazione di gonfiore, problemi alla vescica, problemi nella vita sessuale, ansia e depressione.\"\n      }\n    },\n    {\n      \"@type\": \"Question\",\n      \"name\": \"Quali sono le cause della sindrome dell'intestino irritabile?\",\n      \"acceptedAnswer\": {\n        \"@type\": \"Answer\",\n        \"text\": \"Le ragioni esatte per cui una persona pu\u00f2 sviluppare la sindrome dell'intestino irritabile non sono attualmente note, ma potrebbe essere una combinazione di contrazioni pi\u00f9 frequenti o pi\u00f9 intense della muscolatura della parete intestinale, aumento della sensibilit\u00e0 al dolore all'interno, infiammazione dell'intestino, patrimonio genetico, fattori psicologici come lo stress, antibiotici e farmaci antinfiammatori non steroidei.\"\n      }\n    },\n    {\n      \"@type\": \"Question\",\n      \"name\": \"Sindrome del colon irritabile e cistite interstiziale: le due cose sono collegate?\",\n      \"acceptedAnswer\": {\n        \"@type\": \"Answer\",\n        \"text\": \"Ci sono alcune ricerche che suggeriscono che i soggetti che soffrono di cistite interstiziale hanno maggiori probabilit\u00e0 di soffrire anche di sindrome dell'intestino irritabile. La ragione di questa sovrapposizione non \u00e8 nota, ma suggerisce una disfunzione pi\u00f9 sistemica. I ricercatori stanno esaminando il ruolo dei processi infiammatori, una 'sensibilizzazione incrociata' tra i nervi della vescica e dell'intestino e altre disfunzioni del sistema nervoso centrale per comprendere meglio i fattori sottostanti responsabili dell'inizio e del mantenimento di queste condizioni croniche.\"\n      }\n    }\n  ]\n}\n<\/script><br \/>\n<strong>Jakie s\u0105 najcz\u0119stsze objawy zespo\u0142u jelita dra\u017cliwego?<\/strong><\/p>\n<p>Najcz\u0119stsze objawy zespo\u0142u jelita dra\u017cliwego obejmuj\u0105 b\u00f3l lub dyskomfort w jamie brzusznej, najcz\u0119\u015bciej po lewej stronie podbrzusza, oraz zmian\u0119 nawyk\u00f3w jelitowych. Inne objawy mog\u0105 obejmowa\u0107 z\u0142e samopoczucie, niestrawno\u015b\u0107, b\u00f3l g\u0142owy, b\u00f3l plec\u00f3w, uczucie wzd\u0119cia, problemy z p\u0119cherzem, problemy z \u017cyciem seksualnym, niepok\u00f3j i depresj\u0119.<\/p>\n<p><strong>Jakie s\u0105 mo\u017cliwe przyczyny zespo\u0142u jelita dra\u017cliwego?<\/strong><\/p>\n<p>Dok\u0142adne przyczyny zespo\u0142u jelita dra\u017cliwego nie s\u0105 znane, ale mo\u017ce to by\u0107 po\u0142\u0105czenie cz\u0119stszych lub bardziej intensywnych skurcz\u00f3w mi\u0119\u015bni \u015bciany jelita, zwi\u0119kszonej wra\u017cliwo\u015bci na b\u00f3l wewn\u0105trz, zapalenia jelita, dziedziczenia genetycznego, czynnik\u00f3w psychologicznych, takich jak stres, antybiotyki i niesteroidowe leki przeciwzapalne.<\/p>\n<p><strong>Jakie czynniki wi\u0105\u017c\u0105 si\u0119 ze zwi\u0119kszonym ryzykiem \u015br\u00f3dmi\u0105\u017cszowego zapalenia p\u0119cherza moczowego?<\/strong><\/p>\n<p>Czynniki zwi\u0105zane ze zwi\u0119kszonym ryzykiem wyst\u0105pienia \u015br\u00f3dmi\u0105\u017cszowego zapalenia p\u0119cherza moczowego obejmuj\u0105 p\u0142e\u0107 (cz\u0119\u015bciej wyst\u0119puje u kobiet), wiek (wi\u0119kszo\u015b\u0107 os\u00f3b jest diagnozowana po 30 roku \u017cycia) oraz obecno\u015b\u0107 przewlek\u0142ych zaburze\u0144 b\u00f3lowych, takich jak zesp\u00f3\u0142 jelita dra\u017cliwego lub fibromialgia.<\/p>\n","protected":false},"excerpt":{"rendered":"<p>Drogi czytelniku, \u2764\ufe0f Czy wiesz, co wsp\u00f3lnego maj\u0105 ze sob\u0105 zesp\u00f3\u0142 jelita dra\u017cliwego i \u015br\u00f3dmi\u0105\u017cszowe zapalenie p\u0119cherza moczowego? Oba te zaburzenia mog\u0105 znacz\u0105co wp\u0142ywa\u0107 na jako\u015b\u0107 \u017cycia danej osoby. Je\u015bli cierpisz na jedno z tych zaburze\u0144 lub po prostu chcesz dowiedzie\u0107 si\u0119 wi\u0119cej, jeste\u015b we w\u0142a\u015bciwym miejscu. W tym artykule wsp\u00f3lnie przeanalizujemy mo\u017cliwe przyczyny i [&hellip;]<\/p>\n","protected":false},"author":19,"featured_media":47676,"comment_status":"closed","ping_status":"closed","sticky":false,"template":"","format":"standard","meta":{"_acf_changed":false,"footnotes":""},"categories":[1082,1079],"tags":[1080],"class_list":["post-47675","post","type-post","status-publish","format-standard","has-post-thumbnail","hentry","category-dobre-samopoczucie","category-magazyn","tag-przyczyny"],"acf":[],"yoast_head":"<!-- This site is optimized with the Yoast SEO plugin v27.5 - https:\/\/yoast.com\/product\/yoast-seo-wordpress\/ -->\n<title>zapalenie p\u0119cherza moczowego i zesp\u00f3\u0142 jelita dra\u017cliwego | Dimann<\/title>\n<meta name=\"description\" content=\"Zapalenie p\u0119cherza moczowego i zesp\u00f3\u0142 jelita dra\u017cliwego: czy istnieje korelacja? Dowiedz si\u0119 wi\u0119cej. Korzy\u015bci ze stosowania D-mannozy &gt;&gt; Przejd\u017a do pe\u0142nego artyku\u0142u!\" \/>\n<meta name=\"robots\" content=\"index, follow, max-snippet:-1, max-image-preview:large, max-video-preview:-1\" \/>\n<link rel=\"canonical\" href=\"https:\/\/www.dimann.com\/pl\/magazyn\/zapalenie-pecherza-i-zespol-jelita-drazliwego\/\" \/>\n<meta property=\"og:locale\" content=\"pl_PL\" \/>\n<meta property=\"og:type\" content=\"article\" \/>\n<meta property=\"og:title\" content=\"zapalenie p\u0119cherza moczowego i zesp\u00f3\u0142 jelita dra\u017cliwego | Dimann\" \/>\n<meta property=\"og:description\" content=\"Zapalenie p\u0119cherza moczowego i zesp\u00f3\u0142 jelita dra\u017cliwego: czy istnieje korelacja? Dowiedz si\u0119 wi\u0119cej. Korzy\u015bci ze stosowania D-mannozy &gt;&gt; Przejd\u017a do pe\u0142nego artyku\u0142u!\" \/>\n<meta property=\"og:url\" content=\"https:\/\/www.dimann.com\/pl\/magazyn\/zapalenie-pecherza-i-zespol-jelita-drazliwego\/\" \/>\n<meta property=\"og:site_name\" content=\"Dimann\" \/>\n<meta property=\"article:publisher\" content=\"https:\/\/www.facebook.com\/pg\/Dimann.cistite\/posts\/\" \/>\n<meta property=\"article:published_time\" content=\"2025-03-24T09:19:31+00:00\" \/>\n<meta property=\"article:modified_time\" content=\"2025-10-14T17:02:29+00:00\" \/>\n<meta property=\"og:image\" content=\"https:\/\/www.dimann.com\/wp-content\/uploads\/2023\/05\/colon-irritabile-e-cistite.jpg\" \/>\n\t<meta property=\"og:image:width\" content=\"750\" \/>\n\t<meta property=\"og:image:height\" content=\"500\" \/>\n\t<meta property=\"og:image:type\" content=\"image\/jpeg\" \/>\n<meta name=\"author\" content=\"Roberto Serra\" \/>\n<meta name=\"twitter:card\" content=\"summary_large_image\" \/>\n<meta name=\"twitter:label1\" content=\"Napisane przez\" \/>\n\t<meta name=\"twitter:data1\" content=\"Roberto Serra\" \/>\n\t<meta name=\"twitter:label2\" content=\"Szacowany czas czytania\" \/>\n\t<meta name=\"twitter:data2\" content=\"6 minut\" \/>\n<!-- \/ Yoast SEO plugin. -->","yoast_head_json":{"title":"zapalenie p\u0119cherza moczowego i zesp\u00f3\u0142 jelita dra\u017cliwego | Dimann","description":"Zapalenie p\u0119cherza moczowego i zesp\u00f3\u0142 jelita dra\u017cliwego: czy istnieje korelacja? Dowiedz si\u0119 wi\u0119cej. Korzy\u015bci ze stosowania D-mannozy >> Przejd\u017a do pe\u0142nego artyku\u0142u!","robots":{"index":"index","follow":"follow","max-snippet":"max-snippet:-1","max-image-preview":"max-image-preview:large","max-video-preview":"max-video-preview:-1"},"canonical":"https:\/\/www.dimann.com\/pl\/magazyn\/zapalenie-pecherza-i-zespol-jelita-drazliwego\/","og_locale":"pl_PL","og_type":"article","og_title":"zapalenie p\u0119cherza moczowego i zesp\u00f3\u0142 jelita dra\u017cliwego | Dimann","og_description":"Zapalenie p\u0119cherza moczowego i zesp\u00f3\u0142 jelita dra\u017cliwego: czy istnieje korelacja? Dowiedz si\u0119 wi\u0119cej. Korzy\u015bci ze stosowania D-mannozy >> Przejd\u017a do pe\u0142nego artyku\u0142u!","og_url":"https:\/\/www.dimann.com\/pl\/magazyn\/zapalenie-pecherza-i-zespol-jelita-drazliwego\/","og_site_name":"Dimann","article_publisher":"https:\/\/www.facebook.com\/pg\/Dimann.cistite\/posts\/","article_published_time":"2025-03-24T09:19:31+00:00","article_modified_time":"2025-10-14T17:02:29+00:00","og_image":[{"width":750,"height":500,"url":"https:\/\/www.dimann.com\/wp-content\/uploads\/2023\/05\/colon-irritabile-e-cistite.jpg","type":"image\/jpeg"}],"author":"Roberto Serra","twitter_card":"summary_large_image","twitter_misc":{"Napisane przez":"Roberto Serra","Szacowany czas czytania":"6 minut"},"schema":{"@context":"https:\/\/schema.org","@graph":[{"@type":"Article","@id":"https:\/\/www.dimann.com\/pl\/magazyn\/zapalenie-pecherza-i-zespol-jelita-drazliwego\/#article","isPartOf":{"@id":"https:\/\/www.dimann.com\/pl\/magazyn\/zapalenie-pecherza-i-zespol-jelita-drazliwego\/"},"author":{"name":"Roberto Serra","@id":"https:\/\/www.dimann.com\/pl\/#\/schema\/person\/379a3676fd6c50c0c0d306b19016129f"},"headline":"Zesp\u00f3\u0142 jelita dra\u017cliwego a \u015br\u00f3dmi\u0105\u017cszowe zapalenie p\u0119cherza","datePublished":"2025-03-24T09:19:31+00:00","dateModified":"2025-10-14T17:02:29+00:00","mainEntityOfPage":{"@id":"https:\/\/www.dimann.com\/pl\/magazyn\/zapalenie-pecherza-i-zespol-jelita-drazliwego\/"},"wordCount":1349,"publisher":{"@id":"https:\/\/www.dimann.com\/pl\/#organization"},"image":{"@id":"https:\/\/www.dimann.com\/pl\/magazyn\/zapalenie-pecherza-i-zespol-jelita-drazliwego\/#primaryimage"},"thumbnailUrl":"https:\/\/www.dimann.com\/wp-content\/uploads\/2023\/05\/colon-irritabile-e-cistite.jpg","keywords":["Przyczyny"],"articleSection":["Dobre samopoczucie","Magazyn"],"inLanguage":"pl-PL"},{"@type":"WebPage","@id":"https:\/\/www.dimann.com\/pl\/magazyn\/zapalenie-pecherza-i-zespol-jelita-drazliwego\/","url":"https:\/\/www.dimann.com\/pl\/magazyn\/zapalenie-pecherza-i-zespol-jelita-drazliwego\/","name":"zapalenie p\u0119cherza moczowego i zesp\u00f3\u0142 jelita dra\u017cliwego | Dimann","isPartOf":{"@id":"https:\/\/www.dimann.com\/pl\/#website"},"primaryImageOfPage":{"@id":"https:\/\/www.dimann.com\/pl\/magazyn\/zapalenie-pecherza-i-zespol-jelita-drazliwego\/#primaryimage"},"image":{"@id":"https:\/\/www.dimann.com\/pl\/magazyn\/zapalenie-pecherza-i-zespol-jelita-drazliwego\/#primaryimage"},"thumbnailUrl":"https:\/\/www.dimann.com\/wp-content\/uploads\/2023\/05\/colon-irritabile-e-cistite.jpg","datePublished":"2025-03-24T09:19:31+00:00","dateModified":"2025-10-14T17:02:29+00:00","description":"Zapalenie p\u0119cherza moczowego i zesp\u00f3\u0142 jelita dra\u017cliwego: czy istnieje korelacja? Dowiedz si\u0119 wi\u0119cej. Korzy\u015bci ze stosowania D-mannozy >> Przejd\u017a do pe\u0142nego artyku\u0142u!","breadcrumb":{"@id":"https:\/\/www.dimann.com\/pl\/magazyn\/zapalenie-pecherza-i-zespol-jelita-drazliwego\/#breadcrumb"},"inLanguage":"pl-PL","potentialAction":[{"@type":"ReadAction","target":["https:\/\/www.dimann.com\/pl\/magazyn\/zapalenie-pecherza-i-zespol-jelita-drazliwego\/"]}]},{"@type":"ImageObject","inLanguage":"pl-PL","@id":"https:\/\/www.dimann.com\/pl\/magazyn\/zapalenie-pecherza-i-zespol-jelita-drazliwego\/#primaryimage","url":"https:\/\/www.dimann.com\/wp-content\/uploads\/2023\/05\/colon-irritabile-e-cistite.jpg","contentUrl":"https:\/\/www.dimann.com\/wp-content\/uploads\/2023\/05\/colon-irritabile-e-cistite.jpg","width":750,"height":500},{"@type":"BreadcrumbList","@id":"https:\/\/www.dimann.com\/pl\/magazyn\/zapalenie-pecherza-i-zespol-jelita-drazliwego\/#breadcrumb","itemListElement":[{"@type":"ListItem","position":1,"name":"Magazyn","item":"https:\/\/www.dimann.com\/pl\/magazyn\/"},{"@type":"ListItem","position":2,"name":"Zesp\u00f3\u0142 jelita dra\u017cliwego a zapalenie p\u0119cherza: powi\u0105zania"}]},{"@type":"WebSite","@id":"https:\/\/www.dimann.com\/pl\/#website","url":"https:\/\/www.dimann.com\/pl\/","name":"Dimann","description":"","publisher":{"@id":"https:\/\/www.dimann.com\/pl\/#organization"},"potentialAction":[{"@type":"SearchAction","target":{"@type":"EntryPoint","urlTemplate":"https:\/\/www.dimann.com\/pl\/?s={search_term_string}"},"query-input":{"@type":"PropertyValueSpecification","valueRequired":true,"valueName":"search_term_string"}}],"inLanguage":"pl-PL"},{"@type":"Organization","@id":"https:\/\/www.dimann.com\/pl\/#organization","name":"Dimann","url":"https:\/\/www.dimann.com\/pl\/","logo":{"@type":"ImageObject","inLanguage":"pl-PL","@id":"https:\/\/www.dimann.com\/pl\/#\/schema\/logo\/image\/","url":"https:\/\/www.dimann.com\/wp-content\/uploads\/2019\/07\/logo.svg","contentUrl":"https:\/\/www.dimann.com\/wp-content\/uploads\/2019\/07\/logo.svg","width":1,"height":1,"caption":"Dimann"},"image":{"@id":"https:\/\/www.dimann.com\/pl\/#\/schema\/logo\/image\/"},"sameAs":["https:\/\/www.facebook.com\/pg\/Dimann.cistite\/posts\/","https:\/\/www.instagram.com\/dimann_official\/"]},{"@type":"Person","@id":"https:\/\/www.dimann.com\/pl\/#\/schema\/person\/379a3676fd6c50c0c0d306b19016129f","name":"Roberto Serra"}]}},"_links":{"self":[{"href":"https:\/\/www.dimann.com\/pl\/wp-json\/wp\/v2\/posts\/47675","targetHints":{"allow":["GET"]}}],"collection":[{"href":"https:\/\/www.dimann.com\/pl\/wp-json\/wp\/v2\/posts"}],"about":[{"href":"https:\/\/www.dimann.com\/pl\/wp-json\/wp\/v2\/types\/post"}],"author":[{"embeddable":true,"href":"https:\/\/www.dimann.com\/pl\/wp-json\/wp\/v2\/users\/19"}],"replies":[{"embeddable":true,"href":"https:\/\/www.dimann.com\/pl\/wp-json\/wp\/v2\/comments?post=47675"}],"version-history":[{"count":4,"href":"https:\/\/www.dimann.com\/pl\/wp-json\/wp\/v2\/posts\/47675\/revisions"}],"predecessor-version":[{"id":56529,"href":"https:\/\/www.dimann.com\/pl\/wp-json\/wp\/v2\/posts\/47675\/revisions\/56529"}],"wp:featuredmedia":[{"embeddable":true,"href":"https:\/\/www.dimann.com\/pl\/wp-json\/wp\/v2\/media\/47676"}],"wp:attachment":[{"href":"https:\/\/www.dimann.com\/pl\/wp-json\/wp\/v2\/media?parent=47675"}],"wp:term":[{"taxonomy":"category","embeddable":true,"href":"https:\/\/www.dimann.com\/pl\/wp-json\/wp\/v2\/categories?post=47675"},{"taxonomy":"post_tag","embeddable":true,"href":"https:\/\/www.dimann.com\/pl\/wp-json\/wp\/v2\/tags?post=47675"}],"curies":[{"name":"wp","href":"https:\/\/api.w.org\/{rel}","templated":true}]}}