{"id":45590,"date":"2025-02-10T15:09:32","date_gmt":"2025-02-10T14:09:32","guid":{"rendered":"https:\/\/www.dimann.com\/non-categorizzato\/la-cistite-puo-aumentare-in-inverno\/"},"modified":"2025-10-15T11:20:22","modified_gmt":"2025-10-15T09:20:22","slug":"cistita-poate-creste-in-iarna","status":"publish","type":"post","link":"https:\/\/www.dimann.com\/ro\/intrebari-si-raspunsuri\/cistita-poate-creste-in-iarna\/","title":{"rendered":"Cistita iarna: cauze frecvente, factori de risc \u0219i preven\u021bie"},"content":{"rendered":"<p>Salut prietene,<\/p>\n<p>Dac\u0103 v-a\u021bi \u00eentrebat<em>&#8222;cistita poate cre\u0219te iarna<\/em>?&#8221;, v-a\u021bi pus o \u00eentrebare de 30 de ani!<\/p>\n<p>Din p\u0103cate, <strong>frigul poate fi<\/strong>, de asemenea, <strong>un factor de risc pentru cistit\u0103<\/strong>. \ud83d\ude1e<\/p>\n<p>Voi explica imediat c\u00e2teva<strong> cauze<\/strong> poten\u021biale ale cistitei \u00een timpul iernii:<\/p>\n<ul>\n<li><strong>\u00cenc\u0103lzirea<\/strong>: poate p\u0103rea absurd, dar sistemele de \u00eenc\u0103lzire pot usca aerul pe care \u00eel respir\u0103m \u0219i, \u00een consecin\u021b\u0103, corpul nostru;<\/li>\n<li>Utilizarea de <strong>\u00eembr\u0103c\u0103minte de <\/strong>iarn\u0103 <strong>sintetic\u0103, nerespirabil\u0103<\/strong>;<\/li>\n<li><strong>Frigul<\/strong>: sensibilizeaz\u0103 termina\u021biile nervoase \u0219i cre\u0219te \u0219ansele de apari\u021bie a infec\u021biilor vezicale;<\/li>\n<li>Sistemul imunitar sub presiune.<\/li>\n<\/ul>\n<p>Iat\u0103 o modalitate de a \u00eempiedica cistita \u00een timpul iernii!<br \/>\n<em>Sunte\u021bi curio\u0219i? <\/em>\ud83e\uddd0<\/p>\n<p>Preveni\u021bi-o cu <a href=\"https:\/\/www.dimann.com\/ro\/kit_cistite\/kit-cistite-batterica-prevenzione\/\" target=\"_blank\" rel=\"noopener noreferrer\">kitul de prevenire Dimann<\/a>, care men\u021bine puternice ap\u0103rarea imunitar\u0103 a vezicii urinare, previne riscul de cistit\u0103 \u0219i men\u021bine flora intestinal\u0103 \u0219i vaginal\u0103 \u00een echilibru!<\/p>\n<p>\ud83d\udc49 Citi\u021bi articolul complet <a href=\"https:\/\/www.dimann.com\/ro\/magazin\/cistita-in-iarna-cum-s-o-oprim\/\" target=\"_blank\" rel=\"noopener noreferrer\">Cistita \u00een timpul iernii<\/a> \u0219i dac\u0103 ave\u021bi \u00eentreb\u0103ri sau nel\u0103muriri, <a href=\"https:\/\/www.dimann.com\/ro\/contacte\/\" target=\"_blank\" rel=\"noopener noreferrer\">scrie\u021bi-mi.<\/a>\u2764\ufe0f<\/p>\n<p>O \u00eembr\u0103\u021bi\u0219are cald\u0103,<\/p>\n<p><a href=\"https:\/\/fontmeme.com\/calligraphy-fonts\/\"><img decoding=\"async\" data-src=\"https:\/\/fontmeme.com\/permalink\/200612\/344d6bd251674c52c79ccfcf5aa03e98.png\" alt=\"caligrafie-fonturi\" width=\"138\" height=\"23\" border=\"0\" src=\"data:image\/svg+xml;base64,PHN2ZyB3aWR0aD0iMSIgaGVpZ2h0PSIxIiB4bWxucz0iaHR0cDovL3d3dy53My5vcmcvMjAwMC9zdmciPjwvc3ZnPg==\" class=\"lazyload\" style=\"--smush-placeholder-width: 138px; --smush-placeholder-aspect-ratio: 138\/23;\" \/><\/a><\/p>\n","protected":false},"excerpt":{"rendered":"<p>Salut prietene, Dac\u0103 v-a\u021bi \u00eentrebat&#8222;cistita poate cre\u0219te iarna?&#8221;, v-a\u021bi pus o \u00eentrebare de 30 de ani! Din p\u0103cate, frigul poate fi, de asemenea, un factor de risc pentru cistit\u0103. \ud83d\ude1e Voi explica imediat c\u00e2teva cauze poten\u021biale ale cistitei \u00een timpul iernii: \u00cenc\u0103lzirea: poate p\u0103rea absurd, dar sistemele de \u00eenc\u0103lzire pot usca aerul pe care \u00eel [&hellip;]<\/p>\n","protected":false},"author":4,"featured_media":45594,"comment_status":"open","ping_status":"open","sticky":false,"template":"","format":"standard","meta":{"_acf_changed":false,"footnotes":""},"categories":[1052],"tags":[1051],"class_list":["post-45590","post","type-post","status-publish","format-standard","has-post-thumbnail","hentry","category-intrebari-si-raspunsuri","tag-cauze"],"acf":[],"yoast_head":"<!-- This site is optimized with the Yoast SEO plugin v27.5 - https:\/\/yoast.com\/product\/yoast-seo-wordpress\/ -->\n<title>Cre\u0219te cistita \u00een timpul iernii? | Dimann<\/title>\n<meta name=\"description\" content=\"Cistita iarna: pot temperaturile sc\u0103zute s\u0103 creasc\u0103 probabilitatea episoadelor de cistit\u0103? Afla\u021bi acum.\" \/>\n<meta name=\"robots\" content=\"index, follow, max-snippet:-1, max-image-preview:large, max-video-preview:-1\" \/>\n<link rel=\"canonical\" href=\"https:\/\/www.dimann.com\/ro\/intrebari-si-raspunsuri\/cistita-poate-creste-in-iarna\/\" \/>\n<meta property=\"og:locale\" content=\"ro_RO\" \/>\n<meta property=\"og:type\" content=\"article\" \/>\n<meta property=\"og:title\" content=\"Cre\u0219te cistita \u00een timpul iernii? | Dimann\" \/>\n<meta property=\"og:description\" content=\"Cistita iarna: pot temperaturile sc\u0103zute s\u0103 creasc\u0103 probabilitatea episoadelor de cistit\u0103? Afla\u021bi acum.\" \/>\n<meta property=\"og:url\" content=\"https:\/\/www.dimann.com\/ro\/intrebari-si-raspunsuri\/cistita-poate-creste-in-iarna\/\" \/>\n<meta property=\"og:site_name\" content=\"Dimann\" \/>\n<meta property=\"article:publisher\" content=\"https:\/\/www.facebook.com\/pg\/Dimann.cistite\/posts\/\" \/>\n<meta property=\"article:published_time\" content=\"2025-02-10T14:09:32+00:00\" \/>\n<meta property=\"article:modified_time\" content=\"2025-10-15T09:20:22+00:00\" \/>\n<meta property=\"og:image\" content=\"https:\/\/www.dimann.com\/wp-content\/uploads\/2021\/01\/Copia-di-Copia-di-Pink-and-White-Social-Media-Strategy-Presentation-32.png\" \/>\n\t<meta property=\"og:image:width\" content=\"1920\" \/>\n\t<meta property=\"og:image:height\" content=\"1080\" \/>\n\t<meta property=\"og:image:type\" content=\"image\/png\" \/>\n<meta name=\"author\" content=\"Lorenza Leone\" \/>\n<meta name=\"twitter:card\" content=\"summary_large_image\" \/>\n<meta name=\"twitter:label1\" content=\"Scris de\" \/>\n\t<meta name=\"twitter:data1\" content=\"Lorenza Leone\" \/>\n\t<meta name=\"twitter:label2\" content=\"Timp estimat pentru citire\" \/>\n\t<meta name=\"twitter:data2\" content=\"2 minut\" \/>\n<!-- \/ Yoast SEO plugin. -->","yoast_head_json":{"title":"Cre\u0219te cistita \u00een timpul iernii? | Dimann","description":"Cistita iarna: pot temperaturile sc\u0103zute s\u0103 creasc\u0103 probabilitatea episoadelor de cistit\u0103? Afla\u021bi acum.","robots":{"index":"index","follow":"follow","max-snippet":"max-snippet:-1","max-image-preview":"max-image-preview:large","max-video-preview":"max-video-preview:-1"},"canonical":"https:\/\/www.dimann.com\/ro\/intrebari-si-raspunsuri\/cistita-poate-creste-in-iarna\/","og_locale":"ro_RO","og_type":"article","og_title":"Cre\u0219te cistita \u00een timpul iernii? | Dimann","og_description":"Cistita iarna: pot temperaturile sc\u0103zute s\u0103 creasc\u0103 probabilitatea episoadelor de cistit\u0103? Afla\u021bi acum.","og_url":"https:\/\/www.dimann.com\/ro\/intrebari-si-raspunsuri\/cistita-poate-creste-in-iarna\/","og_site_name":"Dimann","article_publisher":"https:\/\/www.facebook.com\/pg\/Dimann.cistite\/posts\/","article_published_time":"2025-02-10T14:09:32+00:00","article_modified_time":"2025-10-15T09:20:22+00:00","og_image":[{"width":1920,"height":1080,"url":"https:\/\/www.dimann.com\/wp-content\/uploads\/2021\/01\/Copia-di-Copia-di-Pink-and-White-Social-Media-Strategy-Presentation-32.png","type":"image\/png"}],"author":"Lorenza Leone","twitter_card":"summary_large_image","twitter_misc":{"Scris de":"Lorenza Leone","Timp estimat pentru citire":"2 minut"},"schema":{"@context":"https:\/\/schema.org","@graph":[{"@type":"Article","@id":"https:\/\/www.dimann.com\/ro\/intrebari-si-raspunsuri\/cistita-poate-creste-in-iarna\/#article","isPartOf":{"@id":"https:\/\/www.dimann.com\/ro\/intrebari-si-raspunsuri\/cistita-poate-creste-in-iarna\/"},"author":{"name":"Lorenza Leone","@id":"https:\/\/www.dimann.com\/ro\/#\/schema\/person\/5aa48275ebfa8cbdc3603c192e79186b"},"headline":"Cistita iarna: cauze frecvente, factori de risc \u0219i preven\u021bie","datePublished":"2025-02-10T14:09:32+00:00","dateModified":"2025-10-15T09:20:22+00:00","mainEntityOfPage":{"@id":"https:\/\/www.dimann.com\/ro\/intrebari-si-raspunsuri\/cistita-poate-creste-in-iarna\/"},"wordCount":177,"commentCount":0,"publisher":{"@id":"https:\/\/www.dimann.com\/ro\/#organization"},"image":{"@id":"https:\/\/www.dimann.com\/ro\/intrebari-si-raspunsuri\/cistita-poate-creste-in-iarna\/#primaryimage"},"thumbnailUrl":"https:\/\/www.dimann.com\/wp-content\/uploads\/2021\/01\/Copia-di-Copia-di-Pink-and-White-Social-Media-Strategy-Presentation-32.png","keywords":["Cauze"],"articleSection":["\u00centreb\u0103ri \u0219i r\u0103spunsuri"],"inLanguage":"ro-RO","potentialAction":[{"@type":"CommentAction","name":"Comment","target":["https:\/\/www.dimann.com\/ro\/intrebari-si-raspunsuri\/cistita-poate-creste-in-iarna\/#respond"]}]},{"@type":"WebPage","@id":"https:\/\/www.dimann.com\/ro\/intrebari-si-raspunsuri\/cistita-poate-creste-in-iarna\/","url":"https:\/\/www.dimann.com\/ro\/intrebari-si-raspunsuri\/cistita-poate-creste-in-iarna\/","name":"Cre\u0219te cistita \u00een timpul iernii? | Dimann","isPartOf":{"@id":"https:\/\/www.dimann.com\/ro\/#website"},"primaryImageOfPage":{"@id":"https:\/\/www.dimann.com\/ro\/intrebari-si-raspunsuri\/cistita-poate-creste-in-iarna\/#primaryimage"},"image":{"@id":"https:\/\/www.dimann.com\/ro\/intrebari-si-raspunsuri\/cistita-poate-creste-in-iarna\/#primaryimage"},"thumbnailUrl":"https:\/\/www.dimann.com\/wp-content\/uploads\/2021\/01\/Copia-di-Copia-di-Pink-and-White-Social-Media-Strategy-Presentation-32.png","datePublished":"2025-02-10T14:09:32+00:00","dateModified":"2025-10-15T09:20:22+00:00","description":"Cistita iarna: pot temperaturile sc\u0103zute s\u0103 creasc\u0103 probabilitatea episoadelor de cistit\u0103? Afla\u021bi acum.","breadcrumb":{"@id":"https:\/\/www.dimann.com\/ro\/intrebari-si-raspunsuri\/cistita-poate-creste-in-iarna\/#breadcrumb"},"inLanguage":"ro-RO","potentialAction":[{"@type":"ReadAction","target":["https:\/\/www.dimann.com\/ro\/intrebari-si-raspunsuri\/cistita-poate-creste-in-iarna\/"]}]},{"@type":"ImageObject","inLanguage":"ro-RO","@id":"https:\/\/www.dimann.com\/ro\/intrebari-si-raspunsuri\/cistita-poate-creste-in-iarna\/#primaryimage","url":"https:\/\/www.dimann.com\/wp-content\/uploads\/2021\/01\/Copia-di-Copia-di-Pink-and-White-Social-Media-Strategy-Presentation-32.png","contentUrl":"https:\/\/www.dimann.com\/wp-content\/uploads\/2021\/01\/Copia-di-Copia-di-Pink-and-White-Social-Media-Strategy-Presentation-32.png","width":1920,"height":1080},{"@type":"BreadcrumbList","@id":"https:\/\/www.dimann.com\/ro\/intrebari-si-raspunsuri\/cistita-poate-creste-in-iarna\/#breadcrumb","itemListElement":[{"@type":"ListItem","position":1,"name":"\u00centreb\u0103ri \u0219i r\u0103spunsuri","item":"https:\/\/www.dimann.com\/ro\/intrebari-si-raspunsuri\/"},{"@type":"ListItem","position":2,"name":"Cistita Iarna: Cauze \u0219i Solu\u021bii Eficiente pentru Prevenire"}]},{"@type":"WebSite","@id":"https:\/\/www.dimann.com\/ro\/#website","url":"https:\/\/www.dimann.com\/ro\/","name":"Dimann","description":"","publisher":{"@id":"https:\/\/www.dimann.com\/ro\/#organization"},"potentialAction":[{"@type":"SearchAction","target":{"@type":"EntryPoint","urlTemplate":"https:\/\/www.dimann.com\/ro\/?s={search_term_string}"},"query-input":{"@type":"PropertyValueSpecification","valueRequired":true,"valueName":"search_term_string"}}],"inLanguage":"ro-RO"},{"@type":"Organization","@id":"https:\/\/www.dimann.com\/ro\/#organization","name":"Dimann","url":"https:\/\/www.dimann.com\/ro\/","logo":{"@type":"ImageObject","inLanguage":"ro-RO","@id":"https:\/\/www.dimann.com\/ro\/#\/schema\/logo\/image\/","url":"https:\/\/www.dimann.com\/wp-content\/uploads\/2019\/07\/logo.svg","contentUrl":"https:\/\/www.dimann.com\/wp-content\/uploads\/2019\/07\/logo.svg","width":1,"height":1,"caption":"Dimann"},"image":{"@id":"https:\/\/www.dimann.com\/ro\/#\/schema\/logo\/image\/"},"sameAs":["https:\/\/www.facebook.com\/pg\/Dimann.cistite\/posts\/","https:\/\/www.instagram.com\/dimann_official\/"]},{"@type":"Person","@id":"https:\/\/www.dimann.com\/ro\/#\/schema\/person\/5aa48275ebfa8cbdc3603c192e79186b","name":"Lorenza Leone"}]}},"_links":{"self":[{"href":"https:\/\/www.dimann.com\/ro\/wp-json\/wp\/v2\/posts\/45590","targetHints":{"allow":["GET"]}}],"collection":[{"href":"https:\/\/www.dimann.com\/ro\/wp-json\/wp\/v2\/posts"}],"about":[{"href":"https:\/\/www.dimann.com\/ro\/wp-json\/wp\/v2\/types\/post"}],"author":[{"embeddable":true,"href":"https:\/\/www.dimann.com\/ro\/wp-json\/wp\/v2\/users\/4"}],"replies":[{"embeddable":true,"href":"https:\/\/www.dimann.com\/ro\/wp-json\/wp\/v2\/comments?post=45590"}],"version-history":[{"count":4,"href":"https:\/\/www.dimann.com\/ro\/wp-json\/wp\/v2\/posts\/45590\/revisions"}],"predecessor-version":[{"id":57461,"href":"https:\/\/www.dimann.com\/ro\/wp-json\/wp\/v2\/posts\/45590\/revisions\/57461"}],"wp:featuredmedia":[{"embeddable":true,"href":"https:\/\/www.dimann.com\/ro\/wp-json\/wp\/v2\/media\/45594"}],"wp:attachment":[{"href":"https:\/\/www.dimann.com\/ro\/wp-json\/wp\/v2\/media?parent=45590"}],"wp:term":[{"taxonomy":"category","embeddable":true,"href":"https:\/\/www.dimann.com\/ro\/wp-json\/wp\/v2\/categories?post=45590"},{"taxonomy":"post_tag","embeddable":true,"href":"https:\/\/www.dimann.com\/ro\/wp-json\/wp\/v2\/tags?post=45590"}],"curies":[{"name":"wp","href":"https:\/\/api.w.org\/{rel}","templated":true}]}}