{"id":45798,"date":"2025-02-10T15:11:41","date_gmt":"2025-02-10T14:11:41","guid":{"rendered":"https:\/\/www.dimann.com\/non-categorizzato\/come-regolarsi-con-i-pasti-e-quanta-acqua-bisogna-bere-per-assumere-le-compresse-capsule\/"},"modified":"2025-10-15T11:37:15","modified_gmt":"2025-10-15T09:37:15","slug":"cum-sa-reglementezi-cu-mesele-si-cata-apa-trebuie-sa-bei-pentru-a-angaja-capace-de-compresie","status":"publish","type":"post","link":"https:\/\/www.dimann.com\/ro\/intrebari-si-raspunsuri\/cum-sa-reglementezi-cu-mesele-si-cata-apa-trebuie-sa-bei-pentru-a-angaja-capace-de-compresie\/","title":{"rendered":"Capsule \u0219i comprimate: mese potrivite \u0219i c\u00e2t\u0103 ap\u0103 bei"},"content":{"rendered":"<p>Salut prietene,<\/p>\n<p>s\u0103 lua\u021bi comprimatele sau capsulele \u00eenainte, dup\u0103 sau \u00een timpul mesei? \u0218i cum?<\/p>\n<p>\u00centreb\u0103ri foarte u\u0219or de \u00een\u021beles la care trebuie s\u0103 se r\u0103spund\u0103 imediat!<\/p>\n<p>V\u0103 recomand\u0103m s\u0103 lua\u021bi capsule sau tablete <a href=\"https:\/\/www.dimann.com\/ro\/produse\/\" target=\"_blank\" rel=\"noopener noreferrer\">Dimann Line<\/a>, <strong>de preferin\u021b\u0103 \u00een afara meselor<\/strong>.<\/p>\n<p>\u00cen cazul \u00een care doza sugerat\u0103 este de 5 sau 6 capsule pe zi, ca \u00een cazul Dimann Puro \u00een timpul fazei acute, capsulele se vor lua inevitabil \u0219i la mese.<\/p>\n<p>Aminti\u021bi-v\u0103 c\u0103 pute\u021bi deschide capsulele<a href=\"https:\/\/www.dimann.com\/ro\/produs\/dimann-puro\/\" target=\"_blank\" rel=\"noopener noreferrer\"> Dimann Puro<\/a> \u0219i dizolva con\u021binutul sub limb\u0103, \u00een timp ce comprimatele <a href=\"https:\/\/www.dimann.com\/ro\/produs\/dimann-daily-compresse\/\" target=\"_blank\" rel=\"noopener noreferrer\">Dimann Daily<\/a> pot fi mestecate sau reduse la buc\u0103\u021bi mai mici \u0219i \u00eenghi\u021bite cu pu\u021bin\u0103 ap\u0103.<\/p>\n<p>Nu deschide\u021bi capsulele <a href=\"https:\/\/www.dimann.com\/ro\/produs\/dimann-flor\/\" target=\"_blank\" rel=\"noopener noreferrer\">Dimann Flor<\/a>, ve\u021bi sl\u0103bi flora bacterian\u0103 din ele expun\u00e2nd-o la atacul acizilor din stomac. De asemenea, \u00eencerca\u021bi s\u0103 le \u00eenghi\u021bi\u021bi de preferin\u021b\u0103 pe stomacul gol pentru a nu sl\u0103bi probioticele din capsule.<\/p>\n<p>V\u0103 sugerez s\u0103 lua\u021bi <strong>Dimann Daily \u0219i Dimann Puro cu vezica goal\u0103<\/strong> \u0219i s\u0103 a\u0219tepta\u021bi o or\u0103 dup\u0103 ce le lua\u021bi \u00eenainte de a bea mult\u0103 ap\u0103.<\/p>\n<p>Acest lucru va permite D-mannozei pure (prezent\u0103 \u00een ambele produse) s\u0103 ac\u021bioneze \u0219i s\u0103 se ata\u0219eze la bacterii. \ud83d\ude42<\/p>\n<p>Nu rata\u021bi toate ghidurile noastre, concepute special pentru a trata diferitele tipuri de cistit\u0103: <a href=\"https:\/\/www.dimann.com\/ro\/kit-pentru-cistita-ro\/\" target=\"_blank\" rel=\"noopener noreferrer\">Kit pentru cistit\u0103<\/a>.<\/p>\n<p>Dac\u0103 ave\u021bi \u00eentreb\u0103ri, <a href=\"https:\/\/www.dimann.com\/ro\/contacte\/\" target=\"_blank\" rel=\"noopener noreferrer\">discuta\u021bi cu mine!<\/a> \ud83d\ude0d<\/p>\n<p>O \u00eembr\u0103\u021bi\u0219are virtual\u0103,<\/p>\n<p><a href=\"https:\/\/fontmeme.com\/calligraphy-fonts\/\"><img decoding=\"async\" data-src=\"https:\/\/fontmeme.com\/permalink\/200612\/344d6bd251674c52c79ccfcf5aa03e98.png\" alt=\"caligrafie-fonturi\" width=\"138\" height=\"23\" border=\"0\" src=\"data:image\/svg+xml;base64,PHN2ZyB3aWR0aD0iMSIgaGVpZ2h0PSIxIiB4bWxucz0iaHR0cDovL3d3dy53My5vcmcvMjAwMC9zdmciPjwvc3ZnPg==\" class=\"lazyload\" style=\"--smush-placeholder-width: 138px; --smush-placeholder-aspect-ratio: 138\/23;\" \/><\/a><\/p>\n","protected":false},"excerpt":{"rendered":"<p>Salut prietene, s\u0103 lua\u021bi comprimatele sau capsulele \u00eenainte, dup\u0103 sau \u00een timpul mesei? \u0218i cum? \u00centreb\u0103ri foarte u\u0219or de \u00een\u021beles la care trebuie s\u0103 se r\u0103spund\u0103 imediat! V\u0103 recomand\u0103m s\u0103 lua\u021bi capsule sau tablete Dimann Line, de preferin\u021b\u0103 \u00een afara meselor. \u00cen cazul \u00een care doza sugerat\u0103 este de 5 sau 6 capsule pe zi, [&hellip;]<\/p>\n","protected":false},"author":4,"featured_media":45801,"comment_status":"open","ping_status":"open","sticky":false,"template":"","format":"standard","meta":{"_acf_changed":false,"footnotes":""},"categories":[1052],"tags":[1050],"class_list":["post-45798","post","type-post","status-publish","format-standard","has-post-thumbnail","hentry","category-intrebari-si-raspunsuri","tag-dieta-ro"],"acf":[],"yoast_head":"<!-- This site is optimized with the Yoast SEO plugin v27.5 - https:\/\/yoast.com\/product\/yoast-seo-wordpress\/ -->\n<title>De c\u00e2te alimente \u0219i ap\u0103 este nevoie pentru a lua comprimatele? | Dimann<\/title>\n<meta name=\"description\" content=\"Dac\u0103 nu \u0219ti\u021bi cum s\u0103 lua\u021bi produsele Dimann Line, afla\u021bi toate informa\u021biile despre administrarea comprimatelor\/capsulelor Dimann aici.\" \/>\n<meta name=\"robots\" content=\"index, follow, max-snippet:-1, max-image-preview:large, max-video-preview:-1\" \/>\n<link rel=\"canonical\" href=\"https:\/\/www.dimann.com\/ro\/intrebari-si-raspunsuri\/cum-sa-reglementezi-cu-mesele-si-cata-apa-trebuie-sa-bei-pentru-a-angaja-capace-de-compresie\/\" \/>\n<meta property=\"og:locale\" content=\"ro_RO\" \/>\n<meta property=\"og:type\" content=\"article\" \/>\n<meta property=\"og:title\" content=\"De c\u00e2te alimente \u0219i ap\u0103 este nevoie pentru a lua comprimatele? | Dimann\" \/>\n<meta property=\"og:description\" content=\"Dac\u0103 nu \u0219ti\u021bi cum s\u0103 lua\u021bi produsele Dimann Line, afla\u021bi toate informa\u021biile despre administrarea comprimatelor\/capsulelor Dimann aici.\" \/>\n<meta property=\"og:url\" content=\"https:\/\/www.dimann.com\/ro\/intrebari-si-raspunsuri\/cum-sa-reglementezi-cu-mesele-si-cata-apa-trebuie-sa-bei-pentru-a-angaja-capace-de-compresie\/\" \/>\n<meta property=\"og:site_name\" content=\"Dimann\" \/>\n<meta property=\"article:publisher\" content=\"https:\/\/www.facebook.com\/pg\/Dimann.cistite\/posts\/\" \/>\n<meta property=\"article:published_time\" content=\"2025-02-10T14:11:41+00:00\" \/>\n<meta property=\"article:modified_time\" content=\"2025-10-15T09:37:15+00:00\" \/>\n<meta property=\"og:image\" content=\"https:\/\/www.dimann.com\/wp-content\/uploads\/2020\/07\/Copia-di-Copia-di-Pink-and-White-Social-Media-Strategy-Presentation-60.png\" \/>\n\t<meta property=\"og:image:width\" content=\"1920\" \/>\n\t<meta property=\"og:image:height\" content=\"1080\" \/>\n\t<meta property=\"og:image:type\" content=\"image\/png\" \/>\n<meta name=\"author\" content=\"Lorenza Leone\" \/>\n<meta name=\"twitter:card\" content=\"summary_large_image\" \/>\n<meta name=\"twitter:label1\" content=\"Scris de\" \/>\n\t<meta name=\"twitter:data1\" content=\"Lorenza Leone\" \/>\n\t<meta name=\"twitter:label2\" content=\"Timp estimat pentru citire\" \/>\n\t<meta name=\"twitter:data2\" content=\"2 minut\" \/>\n<!-- \/ Yoast SEO plugin. -->","yoast_head_json":{"title":"De c\u00e2te alimente \u0219i ap\u0103 este nevoie pentru a lua comprimatele? | Dimann","description":"Dac\u0103 nu \u0219ti\u021bi cum s\u0103 lua\u021bi produsele Dimann Line, afla\u021bi toate informa\u021biile despre administrarea comprimatelor\/capsulelor Dimann aici.","robots":{"index":"index","follow":"follow","max-snippet":"max-snippet:-1","max-image-preview":"max-image-preview:large","max-video-preview":"max-video-preview:-1"},"canonical":"https:\/\/www.dimann.com\/ro\/intrebari-si-raspunsuri\/cum-sa-reglementezi-cu-mesele-si-cata-apa-trebuie-sa-bei-pentru-a-angaja-capace-de-compresie\/","og_locale":"ro_RO","og_type":"article","og_title":"De c\u00e2te alimente \u0219i ap\u0103 este nevoie pentru a lua comprimatele? | Dimann","og_description":"Dac\u0103 nu \u0219ti\u021bi cum s\u0103 lua\u021bi produsele Dimann Line, afla\u021bi toate informa\u021biile despre administrarea comprimatelor\/capsulelor Dimann aici.","og_url":"https:\/\/www.dimann.com\/ro\/intrebari-si-raspunsuri\/cum-sa-reglementezi-cu-mesele-si-cata-apa-trebuie-sa-bei-pentru-a-angaja-capace-de-compresie\/","og_site_name":"Dimann","article_publisher":"https:\/\/www.facebook.com\/pg\/Dimann.cistite\/posts\/","article_published_time":"2025-02-10T14:11:41+00:00","article_modified_time":"2025-10-15T09:37:15+00:00","og_image":[{"width":1920,"height":1080,"url":"https:\/\/www.dimann.com\/wp-content\/uploads\/2020\/07\/Copia-di-Copia-di-Pink-and-White-Social-Media-Strategy-Presentation-60.png","type":"image\/png"}],"author":"Lorenza Leone","twitter_card":"summary_large_image","twitter_misc":{"Scris de":"Lorenza Leone","Timp estimat pentru citire":"2 minut"},"schema":{"@context":"https:\/\/schema.org","@graph":[{"@type":"Article","@id":"https:\/\/www.dimann.com\/ro\/intrebari-si-raspunsuri\/cum-sa-reglementezi-cu-mesele-si-cata-apa-trebuie-sa-bei-pentru-a-angaja-capace-de-compresie\/#article","isPartOf":{"@id":"https:\/\/www.dimann.com\/ro\/intrebari-si-raspunsuri\/cum-sa-reglementezi-cu-mesele-si-cata-apa-trebuie-sa-bei-pentru-a-angaja-capace-de-compresie\/"},"author":{"name":"Lorenza Leone","@id":"https:\/\/www.dimann.com\/ro\/#\/schema\/person\/5aa48275ebfa8cbdc3603c192e79186b"},"headline":"Capsule \u0219i comprimate: mese potrivite \u0219i c\u00e2t\u0103 ap\u0103 bei","datePublished":"2025-02-10T14:11:41+00:00","dateModified":"2025-10-15T09:37:15+00:00","mainEntityOfPage":{"@id":"https:\/\/www.dimann.com\/ro\/intrebari-si-raspunsuri\/cum-sa-reglementezi-cu-mesele-si-cata-apa-trebuie-sa-bei-pentru-a-angaja-capace-de-compresie\/"},"wordCount":251,"commentCount":0,"publisher":{"@id":"https:\/\/www.dimann.com\/ro\/#organization"},"image":{"@id":"https:\/\/www.dimann.com\/ro\/intrebari-si-raspunsuri\/cum-sa-reglementezi-cu-mesele-si-cata-apa-trebuie-sa-bei-pentru-a-angaja-capace-de-compresie\/#primaryimage"},"thumbnailUrl":"https:\/\/www.dimann.com\/wp-content\/uploads\/2020\/07\/Copia-di-Copia-di-Pink-and-White-Social-Media-Strategy-Presentation-60.png","keywords":["Dieta"],"articleSection":["\u00centreb\u0103ri \u0219i r\u0103spunsuri"],"inLanguage":"ro-RO","potentialAction":[{"@type":"CommentAction","name":"Comment","target":["https:\/\/www.dimann.com\/ro\/intrebari-si-raspunsuri\/cum-sa-reglementezi-cu-mesele-si-cata-apa-trebuie-sa-bei-pentru-a-angaja-capace-de-compresie\/#respond"]}]},{"@type":"WebPage","@id":"https:\/\/www.dimann.com\/ro\/intrebari-si-raspunsuri\/cum-sa-reglementezi-cu-mesele-si-cata-apa-trebuie-sa-bei-pentru-a-angaja-capace-de-compresie\/","url":"https:\/\/www.dimann.com\/ro\/intrebari-si-raspunsuri\/cum-sa-reglementezi-cu-mesele-si-cata-apa-trebuie-sa-bei-pentru-a-angaja-capace-de-compresie\/","name":"De c\u00e2te alimente \u0219i ap\u0103 este nevoie pentru a lua comprimatele? | Dimann","isPartOf":{"@id":"https:\/\/www.dimann.com\/ro\/#website"},"primaryImageOfPage":{"@id":"https:\/\/www.dimann.com\/ro\/intrebari-si-raspunsuri\/cum-sa-reglementezi-cu-mesele-si-cata-apa-trebuie-sa-bei-pentru-a-angaja-capace-de-compresie\/#primaryimage"},"image":{"@id":"https:\/\/www.dimann.com\/ro\/intrebari-si-raspunsuri\/cum-sa-reglementezi-cu-mesele-si-cata-apa-trebuie-sa-bei-pentru-a-angaja-capace-de-compresie\/#primaryimage"},"thumbnailUrl":"https:\/\/www.dimann.com\/wp-content\/uploads\/2020\/07\/Copia-di-Copia-di-Pink-and-White-Social-Media-Strategy-Presentation-60.png","datePublished":"2025-02-10T14:11:41+00:00","dateModified":"2025-10-15T09:37:15+00:00","description":"Dac\u0103 nu \u0219ti\u021bi cum s\u0103 lua\u021bi produsele Dimann Line, afla\u021bi toate informa\u021biile despre administrarea comprimatelor\/capsulelor Dimann aici.","breadcrumb":{"@id":"https:\/\/www.dimann.com\/ro\/intrebari-si-raspunsuri\/cum-sa-reglementezi-cu-mesele-si-cata-apa-trebuie-sa-bei-pentru-a-angaja-capace-de-compresie\/#breadcrumb"},"inLanguage":"ro-RO","potentialAction":[{"@type":"ReadAction","target":["https:\/\/www.dimann.com\/ro\/intrebari-si-raspunsuri\/cum-sa-reglementezi-cu-mesele-si-cata-apa-trebuie-sa-bei-pentru-a-angaja-capace-de-compresie\/"]}]},{"@type":"ImageObject","inLanguage":"ro-RO","@id":"https:\/\/www.dimann.com\/ro\/intrebari-si-raspunsuri\/cum-sa-reglementezi-cu-mesele-si-cata-apa-trebuie-sa-bei-pentru-a-angaja-capace-de-compresie\/#primaryimage","url":"https:\/\/www.dimann.com\/wp-content\/uploads\/2020\/07\/Copia-di-Copia-di-Pink-and-White-Social-Media-Strategy-Presentation-60.png","contentUrl":"https:\/\/www.dimann.com\/wp-content\/uploads\/2020\/07\/Copia-di-Copia-di-Pink-and-White-Social-Media-Strategy-Presentation-60.png","width":1920,"height":1080},{"@type":"BreadcrumbList","@id":"https:\/\/www.dimann.com\/ro\/intrebari-si-raspunsuri\/cum-sa-reglementezi-cu-mesele-si-cata-apa-trebuie-sa-bei-pentru-a-angaja-capace-de-compresie\/#breadcrumb","itemListElement":[{"@type":"ListItem","position":1,"name":"\u00centreb\u0103ri \u0219i r\u0103spunsuri","item":"https:\/\/www.dimann.com\/ro\/intrebari-si-raspunsuri\/"},{"@type":"ListItem","position":2,"name":"Administrarea Corect\u0103 a Capsulelor \u0219i Comprimatele Dimann"}]},{"@type":"WebSite","@id":"https:\/\/www.dimann.com\/ro\/#website","url":"https:\/\/www.dimann.com\/ro\/","name":"Dimann","description":"","publisher":{"@id":"https:\/\/www.dimann.com\/ro\/#organization"},"potentialAction":[{"@type":"SearchAction","target":{"@type":"EntryPoint","urlTemplate":"https:\/\/www.dimann.com\/ro\/?s={search_term_string}"},"query-input":{"@type":"PropertyValueSpecification","valueRequired":true,"valueName":"search_term_string"}}],"inLanguage":"ro-RO"},{"@type":"Organization","@id":"https:\/\/www.dimann.com\/ro\/#organization","name":"Dimann","url":"https:\/\/www.dimann.com\/ro\/","logo":{"@type":"ImageObject","inLanguage":"ro-RO","@id":"https:\/\/www.dimann.com\/ro\/#\/schema\/logo\/image\/","url":"https:\/\/www.dimann.com\/wp-content\/uploads\/2019\/07\/logo.svg","contentUrl":"https:\/\/www.dimann.com\/wp-content\/uploads\/2019\/07\/logo.svg","width":1,"height":1,"caption":"Dimann"},"image":{"@id":"https:\/\/www.dimann.com\/ro\/#\/schema\/logo\/image\/"},"sameAs":["https:\/\/www.facebook.com\/pg\/Dimann.cistite\/posts\/","https:\/\/www.instagram.com\/dimann_official\/"]},{"@type":"Person","@id":"https:\/\/www.dimann.com\/ro\/#\/schema\/person\/5aa48275ebfa8cbdc3603c192e79186b","name":"Lorenza Leone"}]}},"_links":{"self":[{"href":"https:\/\/www.dimann.com\/ro\/wp-json\/wp\/v2\/posts\/45798","targetHints":{"allow":["GET"]}}],"collection":[{"href":"https:\/\/www.dimann.com\/ro\/wp-json\/wp\/v2\/posts"}],"about":[{"href":"https:\/\/www.dimann.com\/ro\/wp-json\/wp\/v2\/types\/post"}],"author":[{"embeddable":true,"href":"https:\/\/www.dimann.com\/ro\/wp-json\/wp\/v2\/users\/4"}],"replies":[{"embeddable":true,"href":"https:\/\/www.dimann.com\/ro\/wp-json\/wp\/v2\/comments?post=45798"}],"version-history":[{"count":4,"href":"https:\/\/www.dimann.com\/ro\/wp-json\/wp\/v2\/posts\/45798\/revisions"}],"predecessor-version":[{"id":57740,"href":"https:\/\/www.dimann.com\/ro\/wp-json\/wp\/v2\/posts\/45798\/revisions\/57740"}],"wp:featuredmedia":[{"embeddable":true,"href":"https:\/\/www.dimann.com\/ro\/wp-json\/wp\/v2\/media\/45801"}],"wp:attachment":[{"href":"https:\/\/www.dimann.com\/ro\/wp-json\/wp\/v2\/media?parent=45798"}],"wp:term":[{"taxonomy":"category","embeddable":true,"href":"https:\/\/www.dimann.com\/ro\/wp-json\/wp\/v2\/categories?post=45798"},{"taxonomy":"post_tag","embeddable":true,"href":"https:\/\/www.dimann.com\/ro\/wp-json\/wp\/v2\/tags?post=45798"}],"curies":[{"name":"wp","href":"https:\/\/api.w.org\/{rel}","templated":true}]}}