{"id":49931,"date":"2025-04-08T09:50:08","date_gmt":"2025-04-08T07:50:08","guid":{"rendered":"https:\/\/www.dimann.com\/okategoriserad\/la-cistite-puo-aumentare-in-inverno\/"},"modified":"2025-10-15T11:20:16","modified_gmt":"2025-10-15T09:20:16","slug":"kan-cystit-oka-pa-vintern","status":"publish","type":"post","link":"https:\/\/www.dimann.com\/sv\/fragor-och-svar\/kan-cystit-oka-pa-vintern\/","title":{"rendered":"Cystit p\u00e5 vintern: orsaker, risker och f\u00f6rebyggande"},"content":{"rendered":"<p>Hej, v\u00e4n,<\/p>\n<p>om du har fr\u00e5gat dig sj\u00e4lv<em>&#8221;kan bl\u00e5skatarr \u00f6ka p\u00e5 vintern<\/em>?&#8221;, har du st\u00e4llt dig sj\u00e4lv en 30-tals fr\u00e5gor!<\/p>\n<p>Tyv\u00e4rr <strong>kan f\u00f6rkylning<\/strong> ocks\u00e5 vara <strong>en riskfaktor f\u00f6r cystit<\/strong>. \ud83d\ude1e<\/p>\n<p>Jag kommer omedelbart att f\u00f6rklara n\u00e5gra potentiella<strong> orsaker<\/strong> till cystit p\u00e5 vintern:<\/p>\n<ul>\n<li><strong>Uppv\u00e4rmning<\/strong>: Det l\u00e5ter kanske absurt, men uppv\u00e4rmningssystem kan torka ut luften vi andas och d\u00e4rmed v\u00e5ra kroppar;<\/li>\n<li>Anv\u00e4ndning av <strong>syntetiska<\/strong> <strong>vinterkl\u00e4der <\/strong> <strong>som inte andas<\/strong>;<\/li>\n<li><strong>Kyla<\/strong>: g\u00f6r nerv\u00e4ndarna k\u00e4nsliga och \u00f6kar risken f\u00f6r urinv\u00e4gsinfektion;<\/li>\n<li>Immunf\u00f6rsvaret under press.<\/li>\n<\/ul>\n<p>H\u00e4r \u00e4r ett s\u00e4tt att f\u00f6rhindra cystit p\u00e5 vintern!<br \/>\n<em>\u00c4r du nyfiken? <\/em>\ud83e\uddd0<\/p>\n<p>F\u00f6rebygg det med <a href=\"https:\/\/www.dimann.com\/sv\/cystit_kit\/kit-cystit-bakteriell-forebyggande\/\" target=\"_blank\" rel=\"noopener noreferrer\">Dimann Prevention Kit<\/a>, som h\u00e5ller bl\u00e5sans immunf\u00f6rsvar starkt, f\u00f6rebygger risken f\u00f6r cystit och h\u00e5ller tarm- och vaginalfloran i balans!<\/p>\n<p>L\u00e4s hela artikeln \ud83d\udc49 <a href=\"https:\/\/www.dimann.com\/sv\/tidskrift\/cystit-pa-vintern-hur-forhindra-det\/\" target=\"_blank\" rel=\"noopener noreferrer\">Cystit p\u00e5 vintern<\/a> och om du har n\u00e5gra fr\u00e5gor eller funderingar, <a href=\"https:\/\/www.dimann.com\/sv\/kontakta-oss\/\" target=\"_blank\" rel=\"noopener noreferrer\">skriv till mig.<\/a>\u2764\ufe0f<\/p>\n<p>En varm omfamning,<\/p>\n<p><a href=\"https:\/\/fontmeme.com\/calligraphy-fonts\/\"><img decoding=\"async\" data-src=\"https:\/\/fontmeme.com\/permalink\/200612\/344d6bd251674c52c79ccfcf5aa03e98.png\" alt=\"kalligrafi typsnitt\" width=\"138\" height=\"23\" border=\"0\" src=\"data:image\/svg+xml;base64,PHN2ZyB3aWR0aD0iMSIgaGVpZ2h0PSIxIiB4bWxucz0iaHR0cDovL3d3dy53My5vcmcvMjAwMC9zdmciPjwvc3ZnPg==\" class=\"lazyload\" style=\"--smush-placeholder-width: 138px; --smush-placeholder-aspect-ratio: 138\/23;\" \/><\/a><\/p>\n","protected":false},"excerpt":{"rendered":"<p>Hej, v\u00e4n, om du har fr\u00e5gat dig sj\u00e4lv&#8221;kan bl\u00e5skatarr \u00f6ka p\u00e5 vintern?&#8221;, har du st\u00e4llt dig sj\u00e4lv en 30-tals fr\u00e5gor! Tyv\u00e4rr kan f\u00f6rkylning ocks\u00e5 vara en riskfaktor f\u00f6r cystit. \ud83d\ude1e Jag kommer omedelbart att f\u00f6rklara n\u00e5gra potentiella orsaker till cystit p\u00e5 vintern: Uppv\u00e4rmning: Det l\u00e5ter kanske absurt, men uppv\u00e4rmningssystem kan torka ut luften vi andas [&hellip;]<\/p>\n","protected":false},"author":4,"featured_media":49934,"comment_status":"open","ping_status":"open","sticky":false,"template":"","format":"standard","meta":{"_acf_changed":false,"footnotes":""},"categories":[1150],"tags":[1152],"class_list":["post-49931","post","type-post","status-publish","format-standard","has-post-thumbnail","hentry","category-fragor-och-svar","tag-orsaker-2"],"acf":[],"yoast_head":"<!-- This site is optimized with the Yoast SEO plugin v27.5 - https:\/\/yoast.com\/product\/yoast-seo-wordpress\/ -->\n<title>\u00d6kar cystit p\u00e5 vintern? | Dimann<\/title>\n<meta name=\"description\" content=\"Cystit p\u00e5 vintern: kan l\u00e5ga temperaturer \u00f6ka sannolikheten f\u00f6r cystitepisoder? Ta reda p\u00e5 det nu.\" \/>\n<meta name=\"robots\" content=\"index, follow, max-snippet:-1, max-image-preview:large, max-video-preview:-1\" \/>\n<link rel=\"canonical\" href=\"https:\/\/www.dimann.com\/sv\/fragor-och-svar\/kan-cystit-oka-pa-vintern\/\" \/>\n<meta property=\"og:locale\" content=\"sv_SE\" \/>\n<meta property=\"og:type\" content=\"article\" \/>\n<meta property=\"og:title\" content=\"\u00d6kar cystit p\u00e5 vintern? | Dimann\" \/>\n<meta property=\"og:description\" content=\"Cystit p\u00e5 vintern: kan l\u00e5ga temperaturer \u00f6ka sannolikheten f\u00f6r cystitepisoder? Ta reda p\u00e5 det nu.\" \/>\n<meta property=\"og:url\" content=\"https:\/\/www.dimann.com\/sv\/fragor-och-svar\/kan-cystit-oka-pa-vintern\/\" \/>\n<meta property=\"og:site_name\" content=\"Dimann\" \/>\n<meta property=\"article:publisher\" content=\"https:\/\/www.facebook.com\/pg\/Dimann.cistite\/posts\/\" \/>\n<meta property=\"article:published_time\" content=\"2025-04-08T07:50:08+00:00\" \/>\n<meta property=\"article:modified_time\" content=\"2025-10-15T09:20:16+00:00\" \/>\n<meta property=\"og:image\" content=\"https:\/\/www.dimann.com\/wp-content\/uploads\/2021\/01\/Copia-di-Copia-di-Pink-and-White-Social-Media-Strategy-Presentation-32.png\" \/>\n\t<meta property=\"og:image:width\" content=\"1920\" \/>\n\t<meta property=\"og:image:height\" content=\"1080\" \/>\n\t<meta property=\"og:image:type\" content=\"image\/png\" \/>\n<meta name=\"author\" content=\"Lorenza Leone\" \/>\n<meta name=\"twitter:card\" content=\"summary_large_image\" \/>\n<meta name=\"twitter:label1\" content=\"Skriven av\" \/>\n\t<meta name=\"twitter:data1\" content=\"Lorenza Leone\" \/>\n\t<meta name=\"twitter:label2\" content=\"Ber\u00e4knad l\u00e4stid\" \/>\n\t<meta name=\"twitter:data2\" content=\"2 minuter\" \/>\n<!-- \/ Yoast SEO plugin. -->","yoast_head_json":{"title":"\u00d6kar cystit p\u00e5 vintern? | Dimann","description":"Cystit p\u00e5 vintern: kan l\u00e5ga temperaturer \u00f6ka sannolikheten f\u00f6r cystitepisoder? Ta reda p\u00e5 det nu.","robots":{"index":"index","follow":"follow","max-snippet":"max-snippet:-1","max-image-preview":"max-image-preview:large","max-video-preview":"max-video-preview:-1"},"canonical":"https:\/\/www.dimann.com\/sv\/fragor-och-svar\/kan-cystit-oka-pa-vintern\/","og_locale":"sv_SE","og_type":"article","og_title":"\u00d6kar cystit p\u00e5 vintern? | Dimann","og_description":"Cystit p\u00e5 vintern: kan l\u00e5ga temperaturer \u00f6ka sannolikheten f\u00f6r cystitepisoder? Ta reda p\u00e5 det nu.","og_url":"https:\/\/www.dimann.com\/sv\/fragor-och-svar\/kan-cystit-oka-pa-vintern\/","og_site_name":"Dimann","article_publisher":"https:\/\/www.facebook.com\/pg\/Dimann.cistite\/posts\/","article_published_time":"2025-04-08T07:50:08+00:00","article_modified_time":"2025-10-15T09:20:16+00:00","og_image":[{"width":1920,"height":1080,"url":"https:\/\/www.dimann.com\/wp-content\/uploads\/2021\/01\/Copia-di-Copia-di-Pink-and-White-Social-Media-Strategy-Presentation-32.png","type":"image\/png"}],"author":"Lorenza Leone","twitter_card":"summary_large_image","twitter_misc":{"Skriven av":"Lorenza Leone","Ber\u00e4knad l\u00e4stid":"2 minuter"},"schema":{"@context":"https:\/\/schema.org","@graph":[{"@type":"Article","@id":"https:\/\/www.dimann.com\/sv\/fragor-och-svar\/kan-cystit-oka-pa-vintern\/#article","isPartOf":{"@id":"https:\/\/www.dimann.com\/sv\/fragor-och-svar\/kan-cystit-oka-pa-vintern\/"},"author":{"name":"Lorenza Leone","@id":"https:\/\/www.dimann.com\/sv\/#\/schema\/person\/5aa48275ebfa8cbdc3603c192e79186b"},"headline":"Cystit p\u00e5 vintern: orsaker, risker och f\u00f6rebyggande","datePublished":"2025-04-08T07:50:08+00:00","dateModified":"2025-10-15T09:20:16+00:00","mainEntityOfPage":{"@id":"https:\/\/www.dimann.com\/sv\/fragor-och-svar\/kan-cystit-oka-pa-vintern\/"},"wordCount":178,"commentCount":0,"publisher":{"@id":"https:\/\/www.dimann.com\/sv\/#organization"},"image":{"@id":"https:\/\/www.dimann.com\/sv\/fragor-och-svar\/kan-cystit-oka-pa-vintern\/#primaryimage"},"thumbnailUrl":"https:\/\/www.dimann.com\/wp-content\/uploads\/2021\/01\/Copia-di-Copia-di-Pink-and-White-Social-Media-Strategy-Presentation-32.png","keywords":["Orsaker"],"articleSection":["Fr\u00e5gor och svar"],"inLanguage":"sv-SE","potentialAction":[{"@type":"CommentAction","name":"Comment","target":["https:\/\/www.dimann.com\/sv\/fragor-och-svar\/kan-cystit-oka-pa-vintern\/#respond"]}]},{"@type":"WebPage","@id":"https:\/\/www.dimann.com\/sv\/fragor-och-svar\/kan-cystit-oka-pa-vintern\/","url":"https:\/\/www.dimann.com\/sv\/fragor-och-svar\/kan-cystit-oka-pa-vintern\/","name":"\u00d6kar cystit p\u00e5 vintern? | Dimann","isPartOf":{"@id":"https:\/\/www.dimann.com\/sv\/#website"},"primaryImageOfPage":{"@id":"https:\/\/www.dimann.com\/sv\/fragor-och-svar\/kan-cystit-oka-pa-vintern\/#primaryimage"},"image":{"@id":"https:\/\/www.dimann.com\/sv\/fragor-och-svar\/kan-cystit-oka-pa-vintern\/#primaryimage"},"thumbnailUrl":"https:\/\/www.dimann.com\/wp-content\/uploads\/2021\/01\/Copia-di-Copia-di-Pink-and-White-Social-Media-Strategy-Presentation-32.png","datePublished":"2025-04-08T07:50:08+00:00","dateModified":"2025-10-15T09:20:16+00:00","description":"Cystit p\u00e5 vintern: kan l\u00e5ga temperaturer \u00f6ka sannolikheten f\u00f6r cystitepisoder? Ta reda p\u00e5 det nu.","breadcrumb":{"@id":"https:\/\/www.dimann.com\/sv\/fragor-och-svar\/kan-cystit-oka-pa-vintern\/#breadcrumb"},"inLanguage":"sv-SE","potentialAction":[{"@type":"ReadAction","target":["https:\/\/www.dimann.com\/sv\/fragor-och-svar\/kan-cystit-oka-pa-vintern\/"]}]},{"@type":"ImageObject","inLanguage":"sv-SE","@id":"https:\/\/www.dimann.com\/sv\/fragor-och-svar\/kan-cystit-oka-pa-vintern\/#primaryimage","url":"https:\/\/www.dimann.com\/wp-content\/uploads\/2021\/01\/Copia-di-Copia-di-Pink-and-White-Social-Media-Strategy-Presentation-32.png","contentUrl":"https:\/\/www.dimann.com\/wp-content\/uploads\/2021\/01\/Copia-di-Copia-di-Pink-and-White-Social-Media-Strategy-Presentation-32.png","width":1920,"height":1080},{"@type":"BreadcrumbList","@id":"https:\/\/www.dimann.com\/sv\/fragor-och-svar\/kan-cystit-oka-pa-vintern\/#breadcrumb","itemListElement":[{"@type":"ListItem","position":1,"name":"Fr\u00e5gor och svar","item":"https:\/\/www.dimann.com\/sv\/fragor-och-svar\/"},{"@type":"ListItem","position":2,"name":"Cystit p\u00e5 vintern: Orsaker och F\u00f6rebyggande Tips"}]},{"@type":"WebSite","@id":"https:\/\/www.dimann.com\/sv\/#website","url":"https:\/\/www.dimann.com\/sv\/","name":"Dimann","description":"","publisher":{"@id":"https:\/\/www.dimann.com\/sv\/#organization"},"potentialAction":[{"@type":"SearchAction","target":{"@type":"EntryPoint","urlTemplate":"https:\/\/www.dimann.com\/sv\/?s={search_term_string}"},"query-input":{"@type":"PropertyValueSpecification","valueRequired":true,"valueName":"search_term_string"}}],"inLanguage":"sv-SE"},{"@type":"Organization","@id":"https:\/\/www.dimann.com\/sv\/#organization","name":"Dimann","url":"https:\/\/www.dimann.com\/sv\/","logo":{"@type":"ImageObject","inLanguage":"sv-SE","@id":"https:\/\/www.dimann.com\/sv\/#\/schema\/logo\/image\/","url":"https:\/\/www.dimann.com\/wp-content\/uploads\/2019\/07\/logo.svg","contentUrl":"https:\/\/www.dimann.com\/wp-content\/uploads\/2019\/07\/logo.svg","width":1,"height":1,"caption":"Dimann"},"image":{"@id":"https:\/\/www.dimann.com\/sv\/#\/schema\/logo\/image\/"},"sameAs":["https:\/\/www.facebook.com\/pg\/Dimann.cistite\/posts\/","https:\/\/www.instagram.com\/dimann_official\/"]},{"@type":"Person","@id":"https:\/\/www.dimann.com\/sv\/#\/schema\/person\/5aa48275ebfa8cbdc3603c192e79186b","name":"Lorenza Leone"}]}},"_links":{"self":[{"href":"https:\/\/www.dimann.com\/sv\/wp-json\/wp\/v2\/posts\/49931","targetHints":{"allow":["GET"]}}],"collection":[{"href":"https:\/\/www.dimann.com\/sv\/wp-json\/wp\/v2\/posts"}],"about":[{"href":"https:\/\/www.dimann.com\/sv\/wp-json\/wp\/v2\/types\/post"}],"author":[{"embeddable":true,"href":"https:\/\/www.dimann.com\/sv\/wp-json\/wp\/v2\/users\/4"}],"replies":[{"embeddable":true,"href":"https:\/\/www.dimann.com\/sv\/wp-json\/wp\/v2\/comments?post=49931"}],"version-history":[{"count":4,"href":"https:\/\/www.dimann.com\/sv\/wp-json\/wp\/v2\/posts\/49931\/revisions"}],"predecessor-version":[{"id":57459,"href":"https:\/\/www.dimann.com\/sv\/wp-json\/wp\/v2\/posts\/49931\/revisions\/57459"}],"wp:featuredmedia":[{"embeddable":true,"href":"https:\/\/www.dimann.com\/sv\/wp-json\/wp\/v2\/media\/49934"}],"wp:attachment":[{"href":"https:\/\/www.dimann.com\/sv\/wp-json\/wp\/v2\/media?parent=49931"}],"wp:term":[{"taxonomy":"category","embeddable":true,"href":"https:\/\/www.dimann.com\/sv\/wp-json\/wp\/v2\/categories?post=49931"},{"taxonomy":"post_tag","embeddable":true,"href":"https:\/\/www.dimann.com\/sv\/wp-json\/wp\/v2\/tags?post=49931"}],"curies":[{"name":"wp","href":"https:\/\/api.w.org\/{rel}","templated":true}]}}