{"id":50181,"date":"2025-04-08T09:53:26","date_gmt":"2025-04-08T07:53:26","guid":{"rendered":"https:\/\/www.dimann.com\/okategoriserad\/quanto-dura-la-fase-di-prevenzione\/"},"modified":"2025-10-15T11:37:39","modified_gmt":"2025-10-15T09:37:39","slug":"hur-lang-ar-forebyggande-fasen","status":"publish","type":"post","link":"https:\/\/www.dimann.com\/sv\/fragor-och-svar\/hur-lang-ar-forebyggande-fasen\/","title":{"rendered":"Hur l\u00e4nge varar den f\u00f6rebyggande fasen vid cystit?"},"content":{"rendered":"<p>Hej, v\u00e4n,<\/p>\n<p>efter att \u00e4ntligen ha blivit av med cystit &#8230; vad \u00e4r det enda du vill ha?<\/p>\n<p>F\u00f6rhindra det!<\/p>\n<p>M\u00e5nga fr\u00e5gar oss<em>: &#8221;Men hur l\u00e4nge varar den h\u00e4r f\u00f6rebyggande fasen?<\/em>&#8221;<\/p>\n<p>Eftersom vi rekommenderar ingredienserna i Dimann Daily, hur l\u00e4nge ska du ta det?<\/p>\n<p><strong>Det finns ingen maxtid, det b\u00e4sta svaret \u00e4r: s\u00e5 l\u00e4nge du vill f\u00f6rhindra!<\/strong><\/p>\n<p>Beroende p\u00e5 dina behov, din sjukdomshistoria och din typ av cystit kan du sj\u00e4lv best\u00e4mma om och n\u00e4r du ska sluta med f\u00f6rebyggande \u00e5tg\u00e4rder \ud83d\ude42<br \/>\nKom ih\u00e5g att du d\u00e5 kommer att bli &#8221;uppt\u00e4ckt&#8221;.<\/p>\n<p>Som jag sa tidigare <strong>\u00e4r Dimann Daily den produkt vi rekommenderar f\u00f6r denna<\/strong> fas och f\u00f6r underh\u00e5llsfasen.<br \/>\nDess formulering kan reparera v\u00e4ggarna i din urinbl\u00e5sa, minska inflammation och hindra uppkomsten av nya cystitepisoder.<\/p>\n<p>Klicka h\u00e4r f\u00f6r att uppt\u00e4cka alla dess funktioner: <a href=\"https:\/\/www.dimann.com\/sv\/produkt\/dimann-daily-compresse\/\" target=\"_blank\" rel=\"noopener noreferrer\">Dimann Daily.<\/a><\/p>\n<p>Om du vill kan du ocks\u00e5 v\u00e4lja att anv\u00e4nda Dimann Pure f\u00f6r att f\u00f6rebygga cystit, \u00e4ven om vi vanligtvis f\u00f6resl\u00e5r det under den akuta fasen.<\/p>\n<p>L\u00e4s ocks\u00e5 v\u00e5r artikel f\u00f6r att hj\u00e4lpa dig att f\u00f6rebygga cystit, med b\u00f6rjan med n\u00e4ring: <a href=\"https:\/\/www.dimann.com\/sv\/tidskrift\/dieta-for-cystit-hur-bemota-det-genom-mat\/\" target=\"_blank\" rel=\"noopener noreferrer\">Kost och n\u00e4ring<\/a>.<\/p>\n<p>Jag skickar dig en stor kram och farv\u00e4l och delar med mig av detta ber\u00f6mda citat:<\/p>\n<p><em>&#8221;Det \u00e4r b\u00e4ttre att f\u00f6rebygga \u00e4n att bota&#8221;!<\/em><\/p>\n<p><a href=\"https:\/\/fontmeme.com\/calligraphy-fonts\/\"><img decoding=\"async\" data-src=\"https:\/\/fontmeme.com\/permalink\/200612\/344d6bd251674c52c79ccfcf5aa03e98.png\" alt=\"kalligrafi typsnitt\" width=\"138\" height=\"23\" border=\"0\" src=\"data:image\/svg+xml;base64,PHN2ZyB3aWR0aD0iMSIgaGVpZ2h0PSIxIiB4bWxucz0iaHR0cDovL3d3dy53My5vcmcvMjAwMC9zdmciPjwvc3ZnPg==\" class=\"lazyload\" style=\"--smush-placeholder-width: 138px; --smush-placeholder-aspect-ratio: 138\/23;\" \/><\/a><\/p>\n","protected":false},"excerpt":{"rendered":"<p>Hej, v\u00e4n, efter att \u00e4ntligen ha blivit av med cystit &#8230; vad \u00e4r det enda du vill ha? F\u00f6rhindra det! M\u00e5nga fr\u00e5gar oss: &#8221;Men hur l\u00e4nge varar den h\u00e4r f\u00f6rebyggande fasen?&#8221; Eftersom vi rekommenderar ingredienserna i Dimann Daily, hur l\u00e4nge ska du ta det? Det finns ingen maxtid, det b\u00e4sta svaret \u00e4r: s\u00e5 l\u00e4nge du [&hellip;]<\/p>\n","protected":false},"author":4,"featured_media":50187,"comment_status":"open","ping_status":"open","sticky":false,"template":"","format":"standard","meta":{"_acf_changed":false,"footnotes":""},"categories":[1150],"tags":[1153],"class_list":["post-50181","post","type-post","status-publish","format-standard","has-post-thumbnail","hentry","category-fragor-och-svar","tag-forebyggande-atgarder"],"acf":[],"yoast_head":"<!-- This site is optimized with the Yoast SEO plugin v27.5 - https:\/\/yoast.com\/product\/yoast-seo-wordpress\/ -->\n<title>Hur l\u00e4nge varar den f\u00f6rebyggande fasen vid cystit? | Dimann<\/title>\n<meta name=\"description\" content=\"Klicka h\u00e4r f\u00f6r att ta reda p\u00e5 hur l\u00e4nge den f\u00f6rebyggande fasen varar. Dimann Daily \u00e4r den perfekta produkten f\u00f6r att f\u00f6rebygga bl\u00e5skatarr.\" \/>\n<meta name=\"robots\" content=\"index, follow, max-snippet:-1, max-image-preview:large, max-video-preview:-1\" \/>\n<link rel=\"canonical\" href=\"https:\/\/www.dimann.com\/sv\/fragor-och-svar\/hur-lang-ar-forebyggande-fasen\/\" \/>\n<meta property=\"og:locale\" content=\"sv_SE\" \/>\n<meta property=\"og:type\" content=\"article\" \/>\n<meta property=\"og:title\" content=\"Hur l\u00e4nge varar den f\u00f6rebyggande fasen vid cystit? | Dimann\" \/>\n<meta property=\"og:description\" content=\"Klicka h\u00e4r f\u00f6r att ta reda p\u00e5 hur l\u00e4nge den f\u00f6rebyggande fasen varar. Dimann Daily \u00e4r den perfekta produkten f\u00f6r att f\u00f6rebygga bl\u00e5skatarr.\" \/>\n<meta property=\"og:url\" content=\"https:\/\/www.dimann.com\/sv\/fragor-och-svar\/hur-lang-ar-forebyggande-fasen\/\" \/>\n<meta property=\"og:site_name\" content=\"Dimann\" \/>\n<meta property=\"article:publisher\" content=\"https:\/\/www.facebook.com\/pg\/Dimann.cistite\/posts\/\" \/>\n<meta property=\"article:published_time\" content=\"2025-04-08T07:53:26+00:00\" \/>\n<meta property=\"article:modified_time\" content=\"2025-10-15T09:37:39+00:00\" \/>\n<meta property=\"og:image\" content=\"https:\/\/www.dimann.com\/wp-content\/uploads\/2020\/07\/Copia-di-Copia-di-Pink-and-White-Social-Media-Strategy-Presentation-61.png\" \/>\n\t<meta property=\"og:image:width\" content=\"1920\" \/>\n\t<meta property=\"og:image:height\" content=\"1080\" \/>\n\t<meta property=\"og:image:type\" content=\"image\/png\" \/>\n<meta name=\"author\" content=\"Lorenza Leone\" \/>\n<meta name=\"twitter:card\" content=\"summary_large_image\" \/>\n<meta name=\"twitter:label1\" content=\"Skriven av\" \/>\n\t<meta name=\"twitter:data1\" content=\"Lorenza Leone\" \/>\n\t<meta name=\"twitter:label2\" content=\"Ber\u00e4knad l\u00e4stid\" \/>\n\t<meta name=\"twitter:data2\" content=\"2 minuter\" \/>\n<!-- \/ Yoast SEO plugin. -->","yoast_head_json":{"title":"Hur l\u00e4nge varar den f\u00f6rebyggande fasen vid cystit? | Dimann","description":"Klicka h\u00e4r f\u00f6r att ta reda p\u00e5 hur l\u00e4nge den f\u00f6rebyggande fasen varar. Dimann Daily \u00e4r den perfekta produkten f\u00f6r att f\u00f6rebygga bl\u00e5skatarr.","robots":{"index":"index","follow":"follow","max-snippet":"max-snippet:-1","max-image-preview":"max-image-preview:large","max-video-preview":"max-video-preview:-1"},"canonical":"https:\/\/www.dimann.com\/sv\/fragor-och-svar\/hur-lang-ar-forebyggande-fasen\/","og_locale":"sv_SE","og_type":"article","og_title":"Hur l\u00e4nge varar den f\u00f6rebyggande fasen vid cystit? | Dimann","og_description":"Klicka h\u00e4r f\u00f6r att ta reda p\u00e5 hur l\u00e4nge den f\u00f6rebyggande fasen varar. Dimann Daily \u00e4r den perfekta produkten f\u00f6r att f\u00f6rebygga bl\u00e5skatarr.","og_url":"https:\/\/www.dimann.com\/sv\/fragor-och-svar\/hur-lang-ar-forebyggande-fasen\/","og_site_name":"Dimann","article_publisher":"https:\/\/www.facebook.com\/pg\/Dimann.cistite\/posts\/","article_published_time":"2025-04-08T07:53:26+00:00","article_modified_time":"2025-10-15T09:37:39+00:00","og_image":[{"width":1920,"height":1080,"url":"https:\/\/www.dimann.com\/wp-content\/uploads\/2020\/07\/Copia-di-Copia-di-Pink-and-White-Social-Media-Strategy-Presentation-61.png","type":"image\/png"}],"author":"Lorenza Leone","twitter_card":"summary_large_image","twitter_misc":{"Skriven av":"Lorenza Leone","Ber\u00e4knad l\u00e4stid":"2 minuter"},"schema":{"@context":"https:\/\/schema.org","@graph":[{"@type":"Article","@id":"https:\/\/www.dimann.com\/sv\/fragor-och-svar\/hur-lang-ar-forebyggande-fasen\/#article","isPartOf":{"@id":"https:\/\/www.dimann.com\/sv\/fragor-och-svar\/hur-lang-ar-forebyggande-fasen\/"},"author":{"name":"Lorenza Leone","@id":"https:\/\/www.dimann.com\/sv\/#\/schema\/person\/5aa48275ebfa8cbdc3603c192e79186b"},"headline":"Hur l\u00e4nge varar den f\u00f6rebyggande fasen vid cystit?","datePublished":"2025-04-08T07:53:26+00:00","dateModified":"2025-10-15T09:37:39+00:00","mainEntityOfPage":{"@id":"https:\/\/www.dimann.com\/sv\/fragor-och-svar\/hur-lang-ar-forebyggande-fasen\/"},"wordCount":253,"commentCount":0,"publisher":{"@id":"https:\/\/www.dimann.com\/sv\/#organization"},"image":{"@id":"https:\/\/www.dimann.com\/sv\/fragor-och-svar\/hur-lang-ar-forebyggande-fasen\/#primaryimage"},"thumbnailUrl":"https:\/\/www.dimann.com\/wp-content\/uploads\/2020\/07\/Copia-di-Copia-di-Pink-and-White-Social-Media-Strategy-Presentation-61.png","keywords":["f\u00f6rebyggande \u00e5tg\u00e4rder"],"articleSection":["Fr\u00e5gor och svar"],"inLanguage":"sv-SE","potentialAction":[{"@type":"CommentAction","name":"Comment","target":["https:\/\/www.dimann.com\/sv\/fragor-och-svar\/hur-lang-ar-forebyggande-fasen\/#respond"]}]},{"@type":"WebPage","@id":"https:\/\/www.dimann.com\/sv\/fragor-och-svar\/hur-lang-ar-forebyggande-fasen\/","url":"https:\/\/www.dimann.com\/sv\/fragor-och-svar\/hur-lang-ar-forebyggande-fasen\/","name":"Hur l\u00e4nge varar den f\u00f6rebyggande fasen vid cystit? | Dimann","isPartOf":{"@id":"https:\/\/www.dimann.com\/sv\/#website"},"primaryImageOfPage":{"@id":"https:\/\/www.dimann.com\/sv\/fragor-och-svar\/hur-lang-ar-forebyggande-fasen\/#primaryimage"},"image":{"@id":"https:\/\/www.dimann.com\/sv\/fragor-och-svar\/hur-lang-ar-forebyggande-fasen\/#primaryimage"},"thumbnailUrl":"https:\/\/www.dimann.com\/wp-content\/uploads\/2020\/07\/Copia-di-Copia-di-Pink-and-White-Social-Media-Strategy-Presentation-61.png","datePublished":"2025-04-08T07:53:26+00:00","dateModified":"2025-10-15T09:37:39+00:00","description":"Klicka h\u00e4r f\u00f6r att ta reda p\u00e5 hur l\u00e4nge den f\u00f6rebyggande fasen varar. Dimann Daily \u00e4r den perfekta produkten f\u00f6r att f\u00f6rebygga bl\u00e5skatarr.","breadcrumb":{"@id":"https:\/\/www.dimann.com\/sv\/fragor-och-svar\/hur-lang-ar-forebyggande-fasen\/#breadcrumb"},"inLanguage":"sv-SE","potentialAction":[{"@type":"ReadAction","target":["https:\/\/www.dimann.com\/sv\/fragor-och-svar\/hur-lang-ar-forebyggande-fasen\/"]}]},{"@type":"ImageObject","inLanguage":"sv-SE","@id":"https:\/\/www.dimann.com\/sv\/fragor-och-svar\/hur-lang-ar-forebyggande-fasen\/#primaryimage","url":"https:\/\/www.dimann.com\/wp-content\/uploads\/2020\/07\/Copia-di-Copia-di-Pink-and-White-Social-Media-Strategy-Presentation-61.png","contentUrl":"https:\/\/www.dimann.com\/wp-content\/uploads\/2020\/07\/Copia-di-Copia-di-Pink-and-White-Social-Media-Strategy-Presentation-61.png","width":1920,"height":1080},{"@type":"BreadcrumbList","@id":"https:\/\/www.dimann.com\/sv\/fragor-och-svar\/hur-lang-ar-forebyggande-fasen\/#breadcrumb","itemListElement":[{"@type":"ListItem","position":1,"name":"Fr\u00e5gor och svar","item":"https:\/\/www.dimann.com\/sv\/fragor-och-svar\/"},{"@type":"ListItem","position":2,"name":"F\u00f6rebygg Cystit: Hur L\u00e4nge Ska Du Ta Dimann Daily?"}]},{"@type":"WebSite","@id":"https:\/\/www.dimann.com\/sv\/#website","url":"https:\/\/www.dimann.com\/sv\/","name":"Dimann","description":"","publisher":{"@id":"https:\/\/www.dimann.com\/sv\/#organization"},"potentialAction":[{"@type":"SearchAction","target":{"@type":"EntryPoint","urlTemplate":"https:\/\/www.dimann.com\/sv\/?s={search_term_string}"},"query-input":{"@type":"PropertyValueSpecification","valueRequired":true,"valueName":"search_term_string"}}],"inLanguage":"sv-SE"},{"@type":"Organization","@id":"https:\/\/www.dimann.com\/sv\/#organization","name":"Dimann","url":"https:\/\/www.dimann.com\/sv\/","logo":{"@type":"ImageObject","inLanguage":"sv-SE","@id":"https:\/\/www.dimann.com\/sv\/#\/schema\/logo\/image\/","url":"https:\/\/www.dimann.com\/wp-content\/uploads\/2019\/07\/logo.svg","contentUrl":"https:\/\/www.dimann.com\/wp-content\/uploads\/2019\/07\/logo.svg","width":1,"height":1,"caption":"Dimann"},"image":{"@id":"https:\/\/www.dimann.com\/sv\/#\/schema\/logo\/image\/"},"sameAs":["https:\/\/www.facebook.com\/pg\/Dimann.cistite\/posts\/","https:\/\/www.instagram.com\/dimann_official\/"]},{"@type":"Person","@id":"https:\/\/www.dimann.com\/sv\/#\/schema\/person\/5aa48275ebfa8cbdc3603c192e79186b","name":"Lorenza Leone"}]}},"_links":{"self":[{"href":"https:\/\/www.dimann.com\/sv\/wp-json\/wp\/v2\/posts\/50181","targetHints":{"allow":["GET"]}}],"collection":[{"href":"https:\/\/www.dimann.com\/sv\/wp-json\/wp\/v2\/posts"}],"about":[{"href":"https:\/\/www.dimann.com\/sv\/wp-json\/wp\/v2\/types\/post"}],"author":[{"embeddable":true,"href":"https:\/\/www.dimann.com\/sv\/wp-json\/wp\/v2\/users\/4"}],"replies":[{"embeddable":true,"href":"https:\/\/www.dimann.com\/sv\/wp-json\/wp\/v2\/comments?post=50181"}],"version-history":[{"count":3,"href":"https:\/\/www.dimann.com\/sv\/wp-json\/wp\/v2\/posts\/50181\/revisions"}],"predecessor-version":[{"id":57747,"href":"https:\/\/www.dimann.com\/sv\/wp-json\/wp\/v2\/posts\/50181\/revisions\/57747"}],"wp:featuredmedia":[{"embeddable":true,"href":"https:\/\/www.dimann.com\/sv\/wp-json\/wp\/v2\/media\/50187"}],"wp:attachment":[{"href":"https:\/\/www.dimann.com\/sv\/wp-json\/wp\/v2\/media?parent=50181"}],"wp:term":[{"taxonomy":"category","embeddable":true,"href":"https:\/\/www.dimann.com\/sv\/wp-json\/wp\/v2\/categories?post=50181"},{"taxonomy":"post_tag","embeddable":true,"href":"https:\/\/www.dimann.com\/sv\/wp-json\/wp\/v2\/tags?post=50181"}],"curies":[{"name":"wp","href":"https:\/\/api.w.org\/{rel}","templated":true}]}}