{"id":50230,"date":"2025-04-08T09:53:32","date_gmt":"2025-04-08T07:53:32","guid":{"rendered":"https:\/\/www.dimann.com\/okategoriserad\/posso-prendere-il-dimann-flogo-nella-fase-di-mantenimento\/"},"modified":"2025-10-15T11:36:04","modified_gmt":"2025-10-15T09:36:04","slug":"kan-jag-ta-dimann-flogo-i-underhallningsfasen","status":"publish","type":"post","link":"https:\/\/www.dimann.com\/sv\/fragor-och-svar\/kan-jag-ta-dimann-flogo-i-underhallningsfasen\/","title":{"rendered":"Dimann Flogo i underh\u00e5llsfasen vid cystit: vad g\u00e4ller"},"content":{"rendered":"<p>Hej, v\u00e4n,<\/p>\n<p>Om du fr\u00e5gar dig sj\u00e4lv &#8221;kan jag ocks\u00e5 ta Dimann Flogo i underh\u00e5llsfasen&#8221; s\u00e5 hittar du svaret h\u00e4r.<\/p>\n<p>Det \u00e4r s\u00e5 m\u00e5nga som trivs s\u00e5 bra med <strong>Dimann Flogo under den akuta fasen <\/strong>(dvs. n\u00e4r bl\u00e5skatarren kommer pl\u00f6tsligt och f\u00f6r med sig allt ont vi k\u00e4nner till) att de n\u00e4stan \u00e4r r\u00e4dda f\u00f6r att \u00f6verge den efter denna fas.<\/p>\n<p>Under underh\u00e5llsfasen (n\u00e4r det v\u00e4rsta \u00e4r \u00f6ver men vi inte kan s\u00e4nka garden och forts\u00e4tta med Dimann Puro och Dimann Daily) arbetar vi f\u00f6r att h\u00e5lla nere bakteriebelastningen, som \u00e4r orsaken till bl\u00e5skatarr om den \u00e4r bakteriell, och reparera de skador som bakterierna orsakar i urinbl\u00e5san.<\/p>\n<p>Formuleringen av <a href=\"https:\/\/www.dimann.com\/sv\/produkt\/dimann-flogo\/\" target=\"_blank\" rel=\"noopener noreferrer\">Dimann Flogo<\/a> \u00e4r utformad f\u00f6r att minska sveda och sm\u00e4rta, stimulera immunf\u00f6rsvaret och f\u00f6rsvaga de ansvariga bakterierna. Dess verkan upph\u00f6r d\u00e4rf\u00f6r i den akuta fasen.<\/p>\n<p>Mitt r\u00e5d \u00e4r d\u00e4rf\u00f6r att inte forts\u00e4tta med Dimann Flogo utan att <strong>forts\u00e4tta underh\u00e5llsfasen med Dim<\/strong> ann <strong> <a href=\"https:\/\/www.dimann.com\/sv\/produkt\/dimann-puro\/\" target=\"_blank\" rel=\"noopener noreferrer\">Puro<\/a><\/strong> (ren mannos som forts\u00e4tter att s\u00e4nka bakteriebelastningen) <strong>och <a href=\"https:\/\/www.dimann.com\/sv\/produkt\/dimann-daily-compresse\/\" target=\"_blank\" rel=\"noopener noreferrer\">Dimann Daily<\/a><\/strong> (vars ingredienser reparerar skador, eliminerar inflammation och bek\u00e4mpar bakterier som inte \u00e4r k\u00e4nsliga f\u00f6r ren mannos).<\/p>\n<p>Om du beh\u00f6ver n\u00e5got, <a href=\"https:\/\/www.dimann.com\/sv\/kontakta-oss\/\" target=\"_blank\" rel=\"noopener noreferrer\">tveka inte att kontakta oss<\/a>, vi hj\u00e4lper dig g\u00e4rna b\u00e4ttre! \ud83d\ude0d<\/p>\n<p>Du kan ocks\u00e5 ladda ner v\u00e5r guide f\u00f6r att behandla din typ av cystit i underh\u00e5llsfasen! D\u00e4r finns alla rekommenderade produkter och schematisk dosering: <a href=\"https:\/\/www.dimann.com\/sv\/cystit-kit\/\" target=\"_blank\" rel=\"noopener noreferrer\"><u>Kit f\u00f6r underh\u00e5ll av cystit.<\/u><\/a><\/p>\n<p>En virtuell kram,<\/p>\n<p><a href=\"https:\/\/fontmeme.com\/calligraphy-fonts\/\"><img decoding=\"async\" data-src=\"https:\/\/fontmeme.com\/permalink\/200612\/344d6bd251674c52c79ccfcf5aa03e98.png\" alt=\"kalligrafi typsnitt\" width=\"138\" height=\"23\" border=\"0\" src=\"data:image\/svg+xml;base64,PHN2ZyB3aWR0aD0iMSIgaGVpZ2h0PSIxIiB4bWxucz0iaHR0cDovL3d3dy53My5vcmcvMjAwMC9zdmciPjwvc3ZnPg==\" class=\"lazyload\" style=\"--smush-placeholder-width: 138px; --smush-placeholder-aspect-ratio: 138\/23;\" \/><\/a><\/p>\n","protected":false},"excerpt":{"rendered":"<p>Hej, v\u00e4n, Om du fr\u00e5gar dig sj\u00e4lv &#8221;kan jag ocks\u00e5 ta Dimann Flogo i underh\u00e5llsfasen&#8221; s\u00e5 hittar du svaret h\u00e4r. Det \u00e4r s\u00e5 m\u00e5nga som trivs s\u00e5 bra med Dimann Flogo under den akuta fasen (dvs. n\u00e4r bl\u00e5skatarren kommer pl\u00f6tsligt och f\u00f6r med sig allt ont vi k\u00e4nner till) att de n\u00e4stan \u00e4r r\u00e4dda f\u00f6r [&hellip;]<\/p>\n","protected":false},"author":4,"featured_media":50245,"comment_status":"open","ping_status":"open","sticky":false,"template":"","format":"standard","meta":{"_acf_changed":false,"footnotes":""},"categories":[1150],"tags":[1153],"class_list":["post-50230","post","type-post","status-publish","format-standard","has-post-thumbnail","hentry","category-fragor-och-svar","tag-forebyggande-atgarder"],"acf":[],"yoast_head":"<!-- This site is optimized with the Yoast SEO plugin v27.5 - https:\/\/yoast.com\/product\/yoast-seo-wordpress\/ -->\n<title>Dimann Flogo i underh\u00e5llsfasen? Expertens r\u00e5d | Dimann<\/title>\n<meta name=\"description\" content=\"Uppt\u00e4ck de Dimann Line-produkter som vi rekommenderar och ta reda p\u00e5 vilka du ska ta f\u00f6r att behandla cystit i underh\u00e5llsfasen.\" \/>\n<meta name=\"robots\" content=\"index, follow, max-snippet:-1, max-image-preview:large, max-video-preview:-1\" \/>\n<link rel=\"canonical\" href=\"https:\/\/www.dimann.com\/sv\/fragor-och-svar\/kan-jag-ta-dimann-flogo-i-underhallningsfasen\/\" \/>\n<meta property=\"og:locale\" content=\"sv_SE\" \/>\n<meta property=\"og:type\" content=\"article\" \/>\n<meta property=\"og:title\" content=\"Dimann Flogo i underh\u00e5llsfasen? Expertens r\u00e5d | Dimann\" \/>\n<meta property=\"og:description\" content=\"Uppt\u00e4ck de Dimann Line-produkter som vi rekommenderar och ta reda p\u00e5 vilka du ska ta f\u00f6r att behandla cystit i underh\u00e5llsfasen.\" \/>\n<meta property=\"og:url\" content=\"https:\/\/www.dimann.com\/sv\/fragor-och-svar\/kan-jag-ta-dimann-flogo-i-underhallningsfasen\/\" \/>\n<meta property=\"og:site_name\" content=\"Dimann\" \/>\n<meta property=\"article:publisher\" content=\"https:\/\/www.facebook.com\/pg\/Dimann.cistite\/posts\/\" \/>\n<meta property=\"article:published_time\" content=\"2025-04-08T07:53:32+00:00\" \/>\n<meta property=\"article:modified_time\" content=\"2025-10-15T09:36:04+00:00\" \/>\n<meta property=\"og:image\" content=\"https:\/\/www.dimann.com\/wp-content\/uploads\/2020\/07\/Copia-di-Copia-di-Pink-and-White-Social-Media-Strategy-Presentation-59.png\" \/>\n\t<meta property=\"og:image:width\" content=\"1920\" \/>\n\t<meta property=\"og:image:height\" content=\"1080\" \/>\n\t<meta property=\"og:image:type\" content=\"image\/png\" \/>\n<meta name=\"author\" content=\"Lorenza Leone\" \/>\n<meta name=\"twitter:card\" content=\"summary_large_image\" \/>\n<meta name=\"twitter:label1\" content=\"Skriven av\" \/>\n\t<meta name=\"twitter:data1\" content=\"Lorenza Leone\" \/>\n\t<meta name=\"twitter:label2\" content=\"Ber\u00e4knad l\u00e4stid\" \/>\n\t<meta name=\"twitter:data2\" content=\"2 minuter\" \/>\n<!-- \/ Yoast SEO plugin. -->","yoast_head_json":{"title":"Dimann Flogo i underh\u00e5llsfasen? Expertens r\u00e5d | Dimann","description":"Uppt\u00e4ck de Dimann Line-produkter som vi rekommenderar och ta reda p\u00e5 vilka du ska ta f\u00f6r att behandla cystit i underh\u00e5llsfasen.","robots":{"index":"index","follow":"follow","max-snippet":"max-snippet:-1","max-image-preview":"max-image-preview:large","max-video-preview":"max-video-preview:-1"},"canonical":"https:\/\/www.dimann.com\/sv\/fragor-och-svar\/kan-jag-ta-dimann-flogo-i-underhallningsfasen\/","og_locale":"sv_SE","og_type":"article","og_title":"Dimann Flogo i underh\u00e5llsfasen? Expertens r\u00e5d | Dimann","og_description":"Uppt\u00e4ck de Dimann Line-produkter som vi rekommenderar och ta reda p\u00e5 vilka du ska ta f\u00f6r att behandla cystit i underh\u00e5llsfasen.","og_url":"https:\/\/www.dimann.com\/sv\/fragor-och-svar\/kan-jag-ta-dimann-flogo-i-underhallningsfasen\/","og_site_name":"Dimann","article_publisher":"https:\/\/www.facebook.com\/pg\/Dimann.cistite\/posts\/","article_published_time":"2025-04-08T07:53:32+00:00","article_modified_time":"2025-10-15T09:36:04+00:00","og_image":[{"width":1920,"height":1080,"url":"https:\/\/www.dimann.com\/wp-content\/uploads\/2020\/07\/Copia-di-Copia-di-Pink-and-White-Social-Media-Strategy-Presentation-59.png","type":"image\/png"}],"author":"Lorenza Leone","twitter_card":"summary_large_image","twitter_misc":{"Skriven av":"Lorenza Leone","Ber\u00e4knad l\u00e4stid":"2 minuter"},"schema":{"@context":"https:\/\/schema.org","@graph":[{"@type":"Article","@id":"https:\/\/www.dimann.com\/sv\/fragor-och-svar\/kan-jag-ta-dimann-flogo-i-underhallningsfasen\/#article","isPartOf":{"@id":"https:\/\/www.dimann.com\/sv\/fragor-och-svar\/kan-jag-ta-dimann-flogo-i-underhallningsfasen\/"},"author":{"name":"Lorenza Leone","@id":"https:\/\/www.dimann.com\/sv\/#\/schema\/person\/5aa48275ebfa8cbdc3603c192e79186b"},"headline":"Dimann Flogo i underh\u00e5llsfasen vid cystit: vad g\u00e4ller","datePublished":"2025-04-08T07:53:32+00:00","dateModified":"2025-10-15T09:36:04+00:00","mainEntityOfPage":{"@id":"https:\/\/www.dimann.com\/sv\/fragor-och-svar\/kan-jag-ta-dimann-flogo-i-underhallningsfasen\/"},"wordCount":286,"commentCount":0,"publisher":{"@id":"https:\/\/www.dimann.com\/sv\/#organization"},"image":{"@id":"https:\/\/www.dimann.com\/sv\/fragor-och-svar\/kan-jag-ta-dimann-flogo-i-underhallningsfasen\/#primaryimage"},"thumbnailUrl":"https:\/\/www.dimann.com\/wp-content\/uploads\/2020\/07\/Copia-di-Copia-di-Pink-and-White-Social-Media-Strategy-Presentation-59.png","keywords":["f\u00f6rebyggande \u00e5tg\u00e4rder"],"articleSection":["Fr\u00e5gor och svar"],"inLanguage":"sv-SE","potentialAction":[{"@type":"CommentAction","name":"Comment","target":["https:\/\/www.dimann.com\/sv\/fragor-och-svar\/kan-jag-ta-dimann-flogo-i-underhallningsfasen\/#respond"]}]},{"@type":"WebPage","@id":"https:\/\/www.dimann.com\/sv\/fragor-och-svar\/kan-jag-ta-dimann-flogo-i-underhallningsfasen\/","url":"https:\/\/www.dimann.com\/sv\/fragor-och-svar\/kan-jag-ta-dimann-flogo-i-underhallningsfasen\/","name":"Dimann Flogo i underh\u00e5llsfasen? Expertens r\u00e5d | Dimann","isPartOf":{"@id":"https:\/\/www.dimann.com\/sv\/#website"},"primaryImageOfPage":{"@id":"https:\/\/www.dimann.com\/sv\/fragor-och-svar\/kan-jag-ta-dimann-flogo-i-underhallningsfasen\/#primaryimage"},"image":{"@id":"https:\/\/www.dimann.com\/sv\/fragor-och-svar\/kan-jag-ta-dimann-flogo-i-underhallningsfasen\/#primaryimage"},"thumbnailUrl":"https:\/\/www.dimann.com\/wp-content\/uploads\/2020\/07\/Copia-di-Copia-di-Pink-and-White-Social-Media-Strategy-Presentation-59.png","datePublished":"2025-04-08T07:53:32+00:00","dateModified":"2025-10-15T09:36:04+00:00","description":"Uppt\u00e4ck de Dimann Line-produkter som vi rekommenderar och ta reda p\u00e5 vilka du ska ta f\u00f6r att behandla cystit i underh\u00e5llsfasen.","breadcrumb":{"@id":"https:\/\/www.dimann.com\/sv\/fragor-och-svar\/kan-jag-ta-dimann-flogo-i-underhallningsfasen\/#breadcrumb"},"inLanguage":"sv-SE","potentialAction":[{"@type":"ReadAction","target":["https:\/\/www.dimann.com\/sv\/fragor-och-svar\/kan-jag-ta-dimann-flogo-i-underhallningsfasen\/"]}]},{"@type":"ImageObject","inLanguage":"sv-SE","@id":"https:\/\/www.dimann.com\/sv\/fragor-och-svar\/kan-jag-ta-dimann-flogo-i-underhallningsfasen\/#primaryimage","url":"https:\/\/www.dimann.com\/wp-content\/uploads\/2020\/07\/Copia-di-Copia-di-Pink-and-White-Social-Media-Strategy-Presentation-59.png","contentUrl":"https:\/\/www.dimann.com\/wp-content\/uploads\/2020\/07\/Copia-di-Copia-di-Pink-and-White-Social-Media-Strategy-Presentation-59.png","width":1920,"height":1080},{"@type":"BreadcrumbList","@id":"https:\/\/www.dimann.com\/sv\/fragor-och-svar\/kan-jag-ta-dimann-flogo-i-underhallningsfasen\/#breadcrumb","itemListElement":[{"@type":"ListItem","position":1,"name":"Fr\u00e5gor och svar","item":"https:\/\/www.dimann.com\/sv\/fragor-och-svar\/"},{"@type":"ListItem","position":2,"name":"Dimann Flogo: R\u00e4tt Anv\u00e4ndning i Underh\u00e5llsfasen"}]},{"@type":"WebSite","@id":"https:\/\/www.dimann.com\/sv\/#website","url":"https:\/\/www.dimann.com\/sv\/","name":"Dimann","description":"","publisher":{"@id":"https:\/\/www.dimann.com\/sv\/#organization"},"potentialAction":[{"@type":"SearchAction","target":{"@type":"EntryPoint","urlTemplate":"https:\/\/www.dimann.com\/sv\/?s={search_term_string}"},"query-input":{"@type":"PropertyValueSpecification","valueRequired":true,"valueName":"search_term_string"}}],"inLanguage":"sv-SE"},{"@type":"Organization","@id":"https:\/\/www.dimann.com\/sv\/#organization","name":"Dimann","url":"https:\/\/www.dimann.com\/sv\/","logo":{"@type":"ImageObject","inLanguage":"sv-SE","@id":"https:\/\/www.dimann.com\/sv\/#\/schema\/logo\/image\/","url":"https:\/\/www.dimann.com\/wp-content\/uploads\/2019\/07\/logo.svg","contentUrl":"https:\/\/www.dimann.com\/wp-content\/uploads\/2019\/07\/logo.svg","width":1,"height":1,"caption":"Dimann"},"image":{"@id":"https:\/\/www.dimann.com\/sv\/#\/schema\/logo\/image\/"},"sameAs":["https:\/\/www.facebook.com\/pg\/Dimann.cistite\/posts\/","https:\/\/www.instagram.com\/dimann_official\/"]},{"@type":"Person","@id":"https:\/\/www.dimann.com\/sv\/#\/schema\/person\/5aa48275ebfa8cbdc3603c192e79186b","name":"Lorenza Leone"}]}},"_links":{"self":[{"href":"https:\/\/www.dimann.com\/sv\/wp-json\/wp\/v2\/posts\/50230","targetHints":{"allow":["GET"]}}],"collection":[{"href":"https:\/\/www.dimann.com\/sv\/wp-json\/wp\/v2\/posts"}],"about":[{"href":"https:\/\/www.dimann.com\/sv\/wp-json\/wp\/v2\/types\/post"}],"author":[{"embeddable":true,"href":"https:\/\/www.dimann.com\/sv\/wp-json\/wp\/v2\/users\/4"}],"replies":[{"embeddable":true,"href":"https:\/\/www.dimann.com\/sv\/wp-json\/wp\/v2\/comments?post=50230"}],"version-history":[{"count":4,"href":"https:\/\/www.dimann.com\/sv\/wp-json\/wp\/v2\/posts\/50230\/revisions"}],"predecessor-version":[{"id":57720,"href":"https:\/\/www.dimann.com\/sv\/wp-json\/wp\/v2\/posts\/50230\/revisions\/57720"}],"wp:featuredmedia":[{"embeddable":true,"href":"https:\/\/www.dimann.com\/sv\/wp-json\/wp\/v2\/media\/50245"}],"wp:attachment":[{"href":"https:\/\/www.dimann.com\/sv\/wp-json\/wp\/v2\/media?parent=50230"}],"wp:term":[{"taxonomy":"category","embeddable":true,"href":"https:\/\/www.dimann.com\/sv\/wp-json\/wp\/v2\/categories?post=50230"},{"taxonomy":"post_tag","embeddable":true,"href":"https:\/\/www.dimann.com\/sv\/wp-json\/wp\/v2\/tags?post=50230"}],"curies":[{"name":"wp","href":"https:\/\/api.w.org\/{rel}","templated":true}]}}