{"id":50343,"date":"2025-04-08T09:56:52","date_gmt":"2025-04-08T07:56:52","guid":{"rendered":"https:\/\/www.dimann.com\/okategoriserad\/cosa-fare-prima-e-dopo-i-rapporti-se-si-soffre-di-cistite\/"},"modified":"2025-10-14T18:57:07","modified_gmt":"2025-10-14T16:57:07","slug":"vad-gora-fore-och-efter-samlag-vid-blaskatarr","status":"publish","type":"post","link":"https:\/\/www.dimann.com\/sv\/fragor-och-svar\/vad-gora-fore-och-efter-samlag-vid-blaskatarr\/","title":{"rendered":"Cystit och samlag: praktiska r\u00e5d f\u00f6re och efter"},"content":{"rendered":"<p>Hej, v\u00e4n,<\/p>\n<p><em>Lider du av cystit och vet inte vad du ska g\u00f6ra eller hur du ska bete dig f\u00f6re och efter samlag?<\/em><\/p>\n<p>Jag ska hj\u00e4lpa dig direkt genom att dela med dig av n\u00e5gra <strong>tips<\/strong>: de kan hj\u00e4lpa dig att njuta av det trevliga \u00f6gonblicket av samlag i fred och utan den oupph\u00f6rliga tanken p\u00e5 cystit! \u2764\ufe0f<\/p>\n<p>H\u00e4r \u00e4r mina praktiska tips:<\/p>\n<ol>\n<li><strong>Applicera <a href=\"https:\/\/www.dimann.com\/sv\/produkt\/dimann-gel\/\" target=\"_blank\" rel=\"noopener noreferrer\">Dimann Gel<\/a> Intimate Lubricant<\/strong> f\u00f6re och efter samlag. Dess naturliga formulering s\u00e4kerst\u00e4ller l\u00e5ngvarig sm\u00f6rjning och f\u00f6rhindrar uppkomsten av mikrolesioner: en ing\u00e5ngspassage f\u00f6r bakterier. Den l\u00e4ker ocks\u00e5 och skyddar mot infektioner.<\/li>\n<li><strong>T\u00f6m bl\u00e5san omedelbart efter samlaget och byt underkl\u00e4der!<\/strong><\/li>\n<li><strong>Ta Dimann Puro kapslar f\u00f6r att driva ut bakterier i urinbl\u00e5san och f\u00f6r att f\u00f6rhindra cystit efter samlag.<\/strong> H\u00e4r kan du hitta det specialdesignade kitet med doseringen inuti f\u00f6r att ladda ner: <a href=\"https:\/\/www.dimann.com\/sv\/cystit_kit\/kit-cystit-post-koital\/\" target=\"_blank\" rel=\"noopener noreferrer\">Post-coital cystitis kit<\/a>. \ud83d\udc48<\/li>\n<\/ol>\n<p>Slutligen, om du vill veta mer, kan du l\u00e4sa v\u00e5r artikel <a href=\"https:\/\/www.dimann.com\/sv\/tidskrift\/postkoital-cystit\/\" target=\"_blank\" rel=\"noopener noreferrer\">cystit-post-coital cystit<\/a> och om du har n\u00e5gra fr\u00e5gor <a href=\"https:\/\/www.dimann.com\/sv\/kontakta-oss\/\" target=\"_blank\" rel=\"noopener noreferrer\">skicka ett meddelande till mig.<\/a> \ud83d\ude0d<\/p>\n<p>Med tillgivenhet,<\/p>\n<p><a href=\"https:\/\/fontmeme.com\/calligraphy-fonts\/\"><img decoding=\"async\" data-src=\"https:\/\/fontmeme.com\/permalink\/200612\/344d6bd251674c52c79ccfcf5aa03e98.png\" alt=\"kalligrafi typsnitt\" width=\"138\" height=\"23\" border=\"0\" src=\"data:image\/svg+xml;base64,PHN2ZyB3aWR0aD0iMSIgaGVpZ2h0PSIxIiB4bWxucz0iaHR0cDovL3d3dy53My5vcmcvMjAwMC9zdmciPjwvc3ZnPg==\" class=\"lazyload\" style=\"--smush-placeholder-width: 138px; --smush-placeholder-aspect-ratio: 138\/23;\" \/><\/a><\/p>\n","protected":false},"excerpt":{"rendered":"<p>Hej, v\u00e4n, Lider du av cystit och vet inte vad du ska g\u00f6ra eller hur du ska bete dig f\u00f6re och efter samlag? Jag ska hj\u00e4lpa dig direkt genom att dela med dig av n\u00e5gra tips: de kan hj\u00e4lpa dig att njuta av det trevliga \u00f6gonblicket av samlag i fred och utan den oupph\u00f6rliga tanken [&hellip;]<\/p>\n","protected":false},"author":4,"featured_media":50347,"comment_status":"open","ping_status":"open","sticky":false,"template":"","format":"standard","meta":{"_acf_changed":false,"footnotes":""},"categories":[1150,1156],"tags":[1153,1154],"class_list":["post-50343","post","type-post","status-publish","format-standard","has-post-thumbnail","hentry","category-fragor-och-svar","category-tidskrift","tag-forebyggande-atgarder","tag-sexualitet"],"acf":[],"yoast_head":"<!-- This site is optimized with the Yoast SEO plugin v27.5 - https:\/\/yoast.com\/product\/yoast-seo-wordpress\/ -->\n<title>F\u00f6rebygga cystit: Vad du ska g\u00f6ra f\u00f6re och efter samlag | Dimann<\/title>\n<meta name=\"description\" content=\"L\u00e4s allt om vad du ska g\u00f6ra f\u00f6re och efter samlag om du lider av bl\u00e5skatarr. Behandla och f\u00f6rebygg bl\u00e5skatarr efter samlag med Dimann.\" \/>\n<meta name=\"robots\" content=\"index, follow, max-snippet:-1, max-image-preview:large, max-video-preview:-1\" \/>\n<link rel=\"canonical\" href=\"https:\/\/www.dimann.com\/sv\/fragor-och-svar\/vad-gora-fore-och-efter-samlag-vid-blaskatarr\/\" \/>\n<meta property=\"og:locale\" content=\"sv_SE\" \/>\n<meta property=\"og:type\" content=\"article\" \/>\n<meta property=\"og:title\" content=\"F\u00f6rebygga cystit: Vad du ska g\u00f6ra f\u00f6re och efter samlag | Dimann\" \/>\n<meta property=\"og:description\" content=\"L\u00e4s allt om vad du ska g\u00f6ra f\u00f6re och efter samlag om du lider av bl\u00e5skatarr. Behandla och f\u00f6rebygg bl\u00e5skatarr efter samlag med Dimann.\" \/>\n<meta property=\"og:url\" content=\"https:\/\/www.dimann.com\/sv\/fragor-och-svar\/vad-gora-fore-och-efter-samlag-vid-blaskatarr\/\" \/>\n<meta property=\"og:site_name\" content=\"Dimann\" \/>\n<meta property=\"article:publisher\" content=\"https:\/\/www.facebook.com\/pg\/Dimann.cistite\/posts\/\" \/>\n<meta property=\"article:published_time\" content=\"2025-04-08T07:56:52+00:00\" \/>\n<meta property=\"article:modified_time\" content=\"2025-10-14T16:57:07+00:00\" \/>\n<meta property=\"og:image\" content=\"https:\/\/www.dimann.com\/wp-content\/uploads\/2021\/02\/Copia-di-Copia-di-Pink-and-White-Social-Media-Strategy-Presentation-39.png\" \/>\n\t<meta property=\"og:image:width\" content=\"1920\" \/>\n\t<meta property=\"og:image:height\" content=\"1080\" \/>\n\t<meta property=\"og:image:type\" content=\"image\/png\" \/>\n<meta name=\"author\" content=\"Lorenza Leone\" \/>\n<meta name=\"twitter:card\" content=\"summary_large_image\" \/>\n<meta name=\"twitter:label1\" content=\"Skriven av\" \/>\n\t<meta name=\"twitter:data1\" content=\"Lorenza Leone\" \/>\n\t<meta name=\"twitter:label2\" content=\"Ber\u00e4knad l\u00e4stid\" \/>\n\t<meta name=\"twitter:data2\" content=\"2 minuter\" \/>\n<!-- \/ Yoast SEO plugin. -->","yoast_head_json":{"title":"F\u00f6rebygga cystit: Vad du ska g\u00f6ra f\u00f6re och efter samlag | Dimann","description":"L\u00e4s allt om vad du ska g\u00f6ra f\u00f6re och efter samlag om du lider av bl\u00e5skatarr. Behandla och f\u00f6rebygg bl\u00e5skatarr efter samlag med Dimann.","robots":{"index":"index","follow":"follow","max-snippet":"max-snippet:-1","max-image-preview":"max-image-preview:large","max-video-preview":"max-video-preview:-1"},"canonical":"https:\/\/www.dimann.com\/sv\/fragor-och-svar\/vad-gora-fore-och-efter-samlag-vid-blaskatarr\/","og_locale":"sv_SE","og_type":"article","og_title":"F\u00f6rebygga cystit: Vad du ska g\u00f6ra f\u00f6re och efter samlag | Dimann","og_description":"L\u00e4s allt om vad du ska g\u00f6ra f\u00f6re och efter samlag om du lider av bl\u00e5skatarr. Behandla och f\u00f6rebygg bl\u00e5skatarr efter samlag med Dimann.","og_url":"https:\/\/www.dimann.com\/sv\/fragor-och-svar\/vad-gora-fore-och-efter-samlag-vid-blaskatarr\/","og_site_name":"Dimann","article_publisher":"https:\/\/www.facebook.com\/pg\/Dimann.cistite\/posts\/","article_published_time":"2025-04-08T07:56:52+00:00","article_modified_time":"2025-10-14T16:57:07+00:00","og_image":[{"width":1920,"height":1080,"url":"https:\/\/www.dimann.com\/wp-content\/uploads\/2021\/02\/Copia-di-Copia-di-Pink-and-White-Social-Media-Strategy-Presentation-39.png","type":"image\/png"}],"author":"Lorenza Leone","twitter_card":"summary_large_image","twitter_misc":{"Skriven av":"Lorenza Leone","Ber\u00e4knad l\u00e4stid":"2 minuter"},"schema":{"@context":"https:\/\/schema.org","@graph":[{"@type":"Article","@id":"https:\/\/www.dimann.com\/sv\/fragor-och-svar\/vad-gora-fore-och-efter-samlag-vid-blaskatarr\/#article","isPartOf":{"@id":"https:\/\/www.dimann.com\/sv\/fragor-och-svar\/vad-gora-fore-och-efter-samlag-vid-blaskatarr\/"},"author":{"name":"Lorenza Leone","@id":"https:\/\/www.dimann.com\/sv\/#\/schema\/person\/5aa48275ebfa8cbdc3603c192e79186b"},"headline":"Cystit och samlag: praktiska r\u00e5d f\u00f6re och efter","datePublished":"2025-04-08T07:56:52+00:00","dateModified":"2025-10-14T16:57:07+00:00","mainEntityOfPage":{"@id":"https:\/\/www.dimann.com\/sv\/fragor-och-svar\/vad-gora-fore-och-efter-samlag-vid-blaskatarr\/"},"wordCount":202,"commentCount":0,"publisher":{"@id":"https:\/\/www.dimann.com\/sv\/#organization"},"image":{"@id":"https:\/\/www.dimann.com\/sv\/fragor-och-svar\/vad-gora-fore-och-efter-samlag-vid-blaskatarr\/#primaryimage"},"thumbnailUrl":"https:\/\/www.dimann.com\/wp-content\/uploads\/2021\/02\/Copia-di-Copia-di-Pink-and-White-Social-Media-Strategy-Presentation-39.png","keywords":["f\u00f6rebyggande \u00e5tg\u00e4rder","Sexualitet"],"articleSection":["Fr\u00e5gor och svar","Tidskrift"],"inLanguage":"sv-SE","potentialAction":[{"@type":"CommentAction","name":"Comment","target":["https:\/\/www.dimann.com\/sv\/fragor-och-svar\/vad-gora-fore-och-efter-samlag-vid-blaskatarr\/#respond"]}]},{"@type":"WebPage","@id":"https:\/\/www.dimann.com\/sv\/fragor-och-svar\/vad-gora-fore-och-efter-samlag-vid-blaskatarr\/","url":"https:\/\/www.dimann.com\/sv\/fragor-och-svar\/vad-gora-fore-och-efter-samlag-vid-blaskatarr\/","name":"F\u00f6rebygga cystit: Vad du ska g\u00f6ra f\u00f6re och efter samlag | Dimann","isPartOf":{"@id":"https:\/\/www.dimann.com\/sv\/#website"},"primaryImageOfPage":{"@id":"https:\/\/www.dimann.com\/sv\/fragor-och-svar\/vad-gora-fore-och-efter-samlag-vid-blaskatarr\/#primaryimage"},"image":{"@id":"https:\/\/www.dimann.com\/sv\/fragor-och-svar\/vad-gora-fore-och-efter-samlag-vid-blaskatarr\/#primaryimage"},"thumbnailUrl":"https:\/\/www.dimann.com\/wp-content\/uploads\/2021\/02\/Copia-di-Copia-di-Pink-and-White-Social-Media-Strategy-Presentation-39.png","datePublished":"2025-04-08T07:56:52+00:00","dateModified":"2025-10-14T16:57:07+00:00","description":"L\u00e4s allt om vad du ska g\u00f6ra f\u00f6re och efter samlag om du lider av bl\u00e5skatarr. Behandla och f\u00f6rebygg bl\u00e5skatarr efter samlag med Dimann.","breadcrumb":{"@id":"https:\/\/www.dimann.com\/sv\/fragor-och-svar\/vad-gora-fore-och-efter-samlag-vid-blaskatarr\/#breadcrumb"},"inLanguage":"sv-SE","potentialAction":[{"@type":"ReadAction","target":["https:\/\/www.dimann.com\/sv\/fragor-och-svar\/vad-gora-fore-och-efter-samlag-vid-blaskatarr\/"]}]},{"@type":"ImageObject","inLanguage":"sv-SE","@id":"https:\/\/www.dimann.com\/sv\/fragor-och-svar\/vad-gora-fore-och-efter-samlag-vid-blaskatarr\/#primaryimage","url":"https:\/\/www.dimann.com\/wp-content\/uploads\/2021\/02\/Copia-di-Copia-di-Pink-and-White-Social-Media-Strategy-Presentation-39.png","contentUrl":"https:\/\/www.dimann.com\/wp-content\/uploads\/2021\/02\/Copia-di-Copia-di-Pink-and-White-Social-Media-Strategy-Presentation-39.png","width":1920,"height":1080},{"@type":"BreadcrumbList","@id":"https:\/\/www.dimann.com\/sv\/fragor-och-svar\/vad-gora-fore-och-efter-samlag-vid-blaskatarr\/#breadcrumb","itemListElement":[{"@type":"ListItem","position":1,"name":"Fr\u00e5gor och svar","item":"https:\/\/www.dimann.com\/sv\/fragor-och-svar\/"},{"@type":"ListItem","position":2,"name":"Cystit: Effektiva Tips F\u00f6re och Efter Samlag"}]},{"@type":"WebSite","@id":"https:\/\/www.dimann.com\/sv\/#website","url":"https:\/\/www.dimann.com\/sv\/","name":"Dimann","description":"","publisher":{"@id":"https:\/\/www.dimann.com\/sv\/#organization"},"potentialAction":[{"@type":"SearchAction","target":{"@type":"EntryPoint","urlTemplate":"https:\/\/www.dimann.com\/sv\/?s={search_term_string}"},"query-input":{"@type":"PropertyValueSpecification","valueRequired":true,"valueName":"search_term_string"}}],"inLanguage":"sv-SE"},{"@type":"Organization","@id":"https:\/\/www.dimann.com\/sv\/#organization","name":"Dimann","url":"https:\/\/www.dimann.com\/sv\/","logo":{"@type":"ImageObject","inLanguage":"sv-SE","@id":"https:\/\/www.dimann.com\/sv\/#\/schema\/logo\/image\/","url":"https:\/\/www.dimann.com\/wp-content\/uploads\/2019\/07\/logo.svg","contentUrl":"https:\/\/www.dimann.com\/wp-content\/uploads\/2019\/07\/logo.svg","width":1,"height":1,"caption":"Dimann"},"image":{"@id":"https:\/\/www.dimann.com\/sv\/#\/schema\/logo\/image\/"},"sameAs":["https:\/\/www.facebook.com\/pg\/Dimann.cistite\/posts\/","https:\/\/www.instagram.com\/dimann_official\/"]},{"@type":"Person","@id":"https:\/\/www.dimann.com\/sv\/#\/schema\/person\/5aa48275ebfa8cbdc3603c192e79186b","name":"Lorenza Leone"}]}},"_links":{"self":[{"href":"https:\/\/www.dimann.com\/sv\/wp-json\/wp\/v2\/posts\/50343","targetHints":{"allow":["GET"]}}],"collection":[{"href":"https:\/\/www.dimann.com\/sv\/wp-json\/wp\/v2\/posts"}],"about":[{"href":"https:\/\/www.dimann.com\/sv\/wp-json\/wp\/v2\/types\/post"}],"author":[{"embeddable":true,"href":"https:\/\/www.dimann.com\/sv\/wp-json\/wp\/v2\/users\/4"}],"replies":[{"embeddable":true,"href":"https:\/\/www.dimann.com\/sv\/wp-json\/wp\/v2\/comments?post=50343"}],"version-history":[{"count":4,"href":"https:\/\/www.dimann.com\/sv\/wp-json\/wp\/v2\/posts\/50343\/revisions"}],"predecessor-version":[{"id":56435,"href":"https:\/\/www.dimann.com\/sv\/wp-json\/wp\/v2\/posts\/50343\/revisions\/56435"}],"wp:featuredmedia":[{"embeddable":true,"href":"https:\/\/www.dimann.com\/sv\/wp-json\/wp\/v2\/media\/50347"}],"wp:attachment":[{"href":"https:\/\/www.dimann.com\/sv\/wp-json\/wp\/v2\/media?parent=50343"}],"wp:term":[{"taxonomy":"category","embeddable":true,"href":"https:\/\/www.dimann.com\/sv\/wp-json\/wp\/v2\/categories?post=50343"},{"taxonomy":"post_tag","embeddable":true,"href":"https:\/\/www.dimann.com\/sv\/wp-json\/wp\/v2\/tags?post=50343"}],"curies":[{"name":"wp","href":"https:\/\/api.w.org\/{rel}","templated":true}]}}