{"id":50494,"date":"2025-04-08T09:59:47","date_gmt":"2025-04-08T07:59:47","guid":{"rendered":"https:\/\/www.dimann.com\/okategoriserad\/covid-e-cistite\/"},"modified":"2025-10-14T18:54:50","modified_gmt":"2025-10-14T16:54:50","slug":"covid-och-cystit","status":"publish","type":"post","link":"https:\/\/www.dimann.com\/sv\/tidskrift\/covid-och-cystit\/","title":{"rendered":"Cystit och covid-19: samband, symtom och forskning"},"content":{"rendered":"<p>Min k\u00e4ra v\u00e4n,<\/p>\n<p>Covid-19-pandemin har chockat hela v\u00e4rlden och orsakat m\u00e5nga of\u00f6ruts\u00e4gbara konsekvenser. Men har du n\u00e5gonsin f\u00f6rest\u00e4llt dig att denna sjukdom ocks\u00e5 kan p\u00e5verka symtomen p\u00e5 cystit?<\/p>\n<p>I den h\u00e4r artikeln tar vi upp sambandet mellan covid-19 och cystit.<\/p>\n<h2 class=\"md-end-block md-heading\">Cystit och covid-19: hur de tv\u00e5 h\u00e4nger ihop<\/h2>\n<h3 class=\"md-end-block md-heading\"><span class=\"md-plain\">Vad \u00e4r sambandet mellan covid-19 och cystit?<\/span><\/h3>\n<p class=\"md-end-block md-p\"><span class=\"md-plain\">Covid-associerad cystit \u00e4r resultatet av en covid-19-infektion som i det h\u00e4r specifika fallet involverar urinv\u00e4garna.<br \/>\n<\/span><\/p>\n<p class=\"md-end-block md-p\"><span class=\"md-plain\">P\u00e5 vilket s\u00e4tt?<br \/>\n<\/span><\/p>\n<p class=\"md-end-block md-p\"><span class=\"md-plain\">Orsakar <strong>de typiska symtomen<\/strong> p\u00e5 bl\u00e5skatarr, t.ex. frekvent kissn\u00f6dighet, k\u00e4nslan av att aldrig ha t\u00f6mt bl\u00e5san etc. <\/span><\/p>\n<p class=\"md-end-block md-p\"><span class=\"md-plain\">Men hur uppt\u00e4cktes det?<\/span><\/p>\n<p class=\"md-end-block md-p\"><span class=\"md-plain\">I b\u00f6rjan av pandemin var tyska urologer f\u00f6rst med att beskriva de pl\u00f6tsligt uppkomna urinv\u00e4gssymtomen hos covid-19-patienter. De delade med sig av <\/span><span class=\"md-meta-i-c md-link\"><a href=\"https:\/\/www.ncbi.nlm.nih.gov\/pmc\/articles\/PMC7236674\/\" target=\"_blank\" rel=\"noopener\"><span class=\"md-plain\">ett ovanligt fall av en patient som var inlagd p\u00e5 sjukhus<\/span><\/a><\/span><span class=\"md-plain\"> som rapporterade <\/span><span class=\"md-pair-s \"><strong><span class=\"md-plain\">feber, frossa, sm\u00e4rta, tr\u00e4ngningar och \u00f6kade urineringssymtom<\/span><\/strong><\/span><span class=\"md-plain\">trots att det inte fanns n\u00e5gra tecken p\u00e5 en typisk bakteriell urinv\u00e4gsinfektion. <\/span><\/p>\n<p class=\"md-end-block md-p md-focus\"><span class=\"md-plain\">En svabb som togs samma dag avsl\u00f6jade <\/span><span class=\"md-pair-s\"><strong><span class=\"md-plain\">Covid-19-infektionen<\/span><\/strong><\/span><span class=\"md-plain\">. Forskarna f\u00f6rs\u00f6kte d\u00e4rf\u00f6r ta reda p\u00e5 om detta intr\u00e4ffade hos andra patienter och fann att <\/span><span class=\"md-pair-s \"><strong><span class=\"md-plain\">ett litet men signifikant antal<\/span><\/strong><\/span><span class=\"md-plain md-expand\"> av de patienter som v\u00e5rdades f\u00f6r Covid hade \u00f6kade urinv\u00e4gssymtom. <\/span><\/p>\n<p class=\"md-end-block md-p\"><span class=\"md-plain\">Kort d\u00e4refter hittade forskare vid flera medicinska centra i Michigan initialt 39 patienter med Covid-19 (32 m\u00e4n och 7 kvinnor) som <\/span><span class=\"md-meta-i-c md-link\"><a href=\"https:\/\/www.ncbi.nlm.nih.gov\/pmc\/articles\/PMC7524562\/\" target=\"_blank\" rel=\"noopener\"><span class=\"md-plain\">hade utvecklat urinv\u00e4gssymtom och vars urinodlingar inte hade visat n\u00e5gon bakteriell infektion<\/span><\/a><\/span><span class=\"md-plain\">. <\/span><\/p>\n<p class=\"md-end-block md-p\"><span class=\"md-plain\">Resultatet?<\/span><\/p>\n<p class=\"md-end-block md-p\"><span class=\"md-plain\">85 procent av dessa patienter hade <\/span><span class=\"md-pair-s \"><strong><span class=\"md-plain\">problem med \u00f6kad urinfrekvens och nattliga urintr\u00e4ngningar mer \u00e4n fyra g\u00e5nger per natt<\/span><\/strong><\/span><span class=\"md-plain\">. D\u00e4refter slutf\u00f6rde de en st\u00f6rre studie som identifierade 350 patienter med symtom p\u00e5 OAB de novo ( De novo <\/span><span class=\"md-pair-s \"><strong><span class=\"md-plain\">\u00d6veraktiv bl\u00e5sa<\/span><\/strong><\/span><span class=\"md-plain\">eller mer enkelt uttryckt <\/span><span class=\"md-pair-s \"><strong><span class=\"md-plain\">syndromet \u00f6veraktiv bl\u00e5sa<\/span><\/strong><\/span><span class=\"md-plain\">) f\u00f6rs\u00e4mrades mellan 10 och 14 veckor efter sjukhusvistelsen p\u00e5 grund av Covid.<\/span><\/p>\n<blockquote><p><strong>L\u00e4s ocks\u00e5: <\/strong><a href=\"https:\/\/www.dimann.com\/sv\/tidskrift\/hur-sova-med-cystit\/\" target=\"_blank\" rel=\"noopener\">Hur man sover mer h\u00e4lsosamt med cystit: ja, det \u00e4r verkligen m\u00f6jligt<\/a><\/p><\/blockquote>\n<h3 class=\"md-end-block md-heading\"><span class=\"md-plain\">Covid-19-vacciner och cystit: fallstudie i Journal of Clinical Medicine<\/span><\/h3>\n<p class=\"md-end-block md-p\"><span class=\"md-plain\">Enligt en studie <\/span><span class=\"md-meta-i-c md-link\"><a href=\"https:\/\/pubmed.ncbi.nlm.nih.gov\/35628863\/\" target=\"_blank\" rel=\"noopener\"><span class=\"md-plain\">en studie som publicerades i Journal of Clinical Medicine<\/span><\/a><\/span><span class=\"md-plain\">har Covid-19-vacciner fr\u00e5n <\/span><span class=\"md-pair-s\"><strong><span class=\"md-plain\">Astrazeneca, Moderna och Pfizer<\/span><\/strong><\/span><span class=\"md-plain\"> associerade med en signifikant f\u00f6rs\u00e4mring av symtomen i de nedre urinv\u00e4garna och st\u00f6rre observerad variation i urinfrekvens och urintr\u00e4ngningar.<\/span><\/p>\n<p class=\"md-end-block md-p\"><span class=\"md-plain\">Studien, som omfattade 889 deltagare, varav 586 fick vacciner fr\u00e5n AstraZeneca-Oxford, 260 fr\u00e5n Pfizer-BioNTech och 89 fr\u00e5n Moderna, visade att <\/span><span class=\"md-pair-s\"><strong><span class=\"md-plain\">13,4 procent av deltagarna uppvisade en f\u00f6rs\u00e4mring av den urinv\u00e4gsinfektion som redan fanns<\/span><\/strong><\/span><span class=\"md-plain\"> efter att ha f\u00e5tt coronavirusvaccinet.<\/span><\/p>\n<p class=\"md-end-block md-p\"><span class=\"md-plain\">Enligt rapporten var de vanligaste biverkningarna:<\/span><\/p>\n<ul class=\"ul-list\" data-mark=\"-\">\n<li class=\"md-list-item\">\n<p class=\"md-end-block md-p\"><span class=\"md-plain\">tr\u00e4ngande urinl\u00e4ckage;<\/span><\/p>\n<\/li>\n<li class=\"md-list-item\">\n<p class=\"md-end-block md-p\"><span class=\"md-plain\">frekvens att urinera;<\/span><\/p>\n<\/li>\n<li class=\"md-list-item\">\n<p class=\"md-end-block md-p\"><span class=\"md-plain\">nokturi &#8211; ofta f\u00f6rekommande kissn\u00f6dighet under natten;<\/span><\/p>\n<\/li>\n<li class=\"md-list-item\">\n<p class=\"md-end-block md-p\"><span class=\"md-plain\">urininkontinens.<\/span><\/p>\n<\/li>\n<\/ul>\n<p class=\"md-end-block md-p\"><span class=\"md-plain\">Dessa liknar de symtom p\u00e5 \u00f6veraktiv bl\u00e5sa (OAB) som jag n\u00e4mnde tidigare.<\/span><\/p>\n<p class=\"md-end-block md-p\"><span class=\"md-plain\">\u00c4ven om ytterligare prospektiva studier beh\u00f6vs f\u00f6r att <\/span><span class=\"md-pair-s \"><strong><span class=\"md-plain\">bevisa orsakssambandet mellan vaccinet och urinv\u00e4gssymtom efter vaccination<\/span><\/strong><\/span><span class=\"md-plain\">tyder forskare fr\u00e5n Graduate Institute of Clinical Medicine vid Kaohsiung Medical University i Taiwan p\u00e5 att LUTS (akronym f\u00f6r <\/span><span class=\"md-pair-s \"><strong><span class=\"md-plain\">Symtom i nedre urinv\u00e4garna<\/span><\/strong><\/span><span class=\"md-plain\">som st\u00e5r f\u00f6r Lower Urinary Tract Symptoms) efter covid-19-vaccination, s\u00e4rskilt hos dem som redan lider av symtom p\u00e5 \u00f6veraktiv bl\u00e5sa, och att s\u00f6ka l\u00e4karv\u00e5rd vid behov.<\/span><\/p>\n<h3 class=\"md-end-block md-heading\"><span class=\"md-plain\">Men i slut\u00e4ndan&#8230; varf\u00f6r drabbades s\u00e5 m\u00e5nga m\u00e4nniskor av bl\u00e5skatarr under pandemin?<\/span><\/h3>\n<p class=\"md-end-block md-p\"><span class=\"md-plain\">Om vi f\u00f6r ett \u00f6gonblick bortser fr\u00e5n fallstudier och forskning som utf\u00f6rts av forskare&#8230; varf\u00f6r<strong> klagade s\u00e5 m\u00e5nga kvinnor p\u00e5 cystitsymtom<\/strong> under nedst\u00e4ngningen?<\/span><\/p>\n<p class=\"md-end-block md-p\"><span class=\"md-plain\">Det finns faktiskt ett mycket specifikt sk\u00e4l, som jag nu ska f\u00f6rklara.<\/span><\/p>\n<p class=\"md-end-block md-p\"><span class=\"md-plain\">Jag vet att det var ett tag sedan &#8221;reclusion&#8221;-perioden, men du minns s\u00e4kert att de flesta av oss tillbringade den med att sjunga p\u00e5 balkonger och&#8230; <strong>matlagning<\/strong>.<\/span><\/p>\n<p class=\"md-end-block md-p\"><span class=\"md-plain\">Folk sprang till stormarknaderna p\u00e5 jakt efter mj\u00f6l och j\u00e4st f\u00f6r att kunna laga vad som helst:<strong> pizza, br\u00f6d, kakor, muffins<\/strong>, allt m\u00f6jligt.<\/span><\/p>\n<p class=\"md-end-block md-p\"><span class=\"md-plain\">Allt detta har gjort det m\u00f6jligt f\u00f6r bakterier att hitta b\u00f6rdig mark: varf\u00f6r?<\/span><\/p>\n<p class=\"md-end-block md-p\"><span class=\"md-plain\">Du b\u00f6r veta att <strong>en kost baserad p\u00e5 raffinerade kolhydrater och enkla sockerarter kan orsaka cystit<\/strong>, eftersom det \u00e4r livsmedel som gynnar spridningen av svampar och bakterier.<\/span><\/p>\n<p class=\"md-end-block md-p\"><span class=\"md-plain\">Det \u00e4r d\u00e4rf\u00f6r som <a href=\"https:\/\/www.dimann.com\/sv\/tidskrift\/dieta-for-cystit-hur-bemota-det-genom-mat\/\" target=\"_blank\" rel=\"noopener\">en h\u00e4lsosam och balanserad kost<\/a> \u00e4r grunden f\u00f6r alla r\u00e5d som ges f\u00f6r att f\u00f6rebygga cystit. \u2764\ufe0f<\/span><\/p>\n<p class=\"md-end-block md-p\"><span class=\"md-plain\">I dessa fall har m\u00e5nga kvinnor v\u00e4nt sig till <a href=\"https:\/\/www.dimann.com\/sv\/d-mannos\/\" target=\"_blank\" rel=\"noopener\">D-mannose<\/a>, ett naturligt alternativ till antibiotika som hj\u00e4lper till<strong> att driva ut bakterier n\u00e4r du kissar<\/strong>, s\u00e5 p\u00e5 ett helt naturligt s\u00e4tt!<\/span><\/p>\n<p class=\"md-end-block md-p\"><span class=\"md-plain\">Men hur?<\/span><\/p>\n<p class=\"md-end-block md-p\"><span class=\"md-plain\">Du b\u00f6r veta att detta enkla socker \u00e4r s\u00e4rskilt f\u00f6rtjust i de sm\u00e5 benen &#8211; s\u00e5 kallade <strong>lektiner<\/strong> &#8211; hos m\u00e5nga bakterier som attackerar urinbl\u00e5sans v\u00e4ggar.<\/span><\/p>\n<p class=\"md-end-block md-p\"><span class=\"md-plain\">Tack vare <strong>D-mannosens vidh\u00e4ftningsf\u00f6rm\u00e5ga<\/strong> f\u00f6rhindrar den att bakterier fastnar och d\u00e4rmed att en infektion utvecklas. Genom att h\u00e4mma denna bindning f\u00e4ster inte bakterierna vid urinbl\u00e5san och &#8221;glider iv\u00e4g&#8221; under urinering. <\/span><\/p>\n<p>Om du vill veta mer<a href=\"https:\/\/www.dimann.com\/sv\/kontakta-oss\/\" target=\"_blank\" rel=\"noopener\">, kom ih\u00e5g att du alltid kan skriva till mig.<\/a> \ud83e\udd70<\/p>\n<p>Jag omfamnar dig h\u00e4rifr\u00e5n,<\/p>\n<p>Lorenza<\/p>\n<blockquote><p><strong>L\u00e4s ocks\u00e5: <\/strong><a href=\"https:\/\/www.dimann.com\/sv\/tidskrift\/cystit-utan-sveda\/\" target=\"_blank\" rel=\"noopener\"><span data-sheets-value=\"{\" data-sheets-userformat=\"{\">Kan cystit uppst\u00e5 \u00e4ven utan br\u00e4nning?<\/span><\/a><\/p><\/blockquote>\n<h3>I den h\u00e4r artikeln pratade vi om &#8230;<\/h3>\n<ul>\n<li>Covid-19-associerad cystit \u00e4r ett tillst\u00e5nd som uppst\u00e5r n\u00e4r en Covid-19-infektion drabbar urinv\u00e4garna och orsakar symtom p\u00e5 urinfrekvens, tr\u00e4ngningar, tryck och\/eller sm\u00e4rta.<\/li>\n<li>Covid-19-associerad cystit uppt\u00e4cktes f\u00f6rst av tyska urologer som beskrev pl\u00f6tsligt uppkomna urinv\u00e4gssymtom hos Covid-19-patienter.<\/li>\n<li>D\u00e4refter fann forskarna att ett betydande antal patienter som v\u00e5rdats p\u00e5 sjukhus f\u00f6r covid hade \u00f6kade urinv\u00e4gssymtom.<\/li>\n<li>En studie som publicerades i Journal of Clinical Medicine visade att covid-19-vacciner fr\u00e5n Astrazeneca, Moderna och Pfizer var f\u00f6rknippade med en signifikant f\u00f6rs\u00e4mring av symtomen i de nedre urinv\u00e4garna och en h\u00f6gre observerad f\u00f6r\u00e4ndring av urinfrekvens och urintr\u00e4ngningar.<\/li>\n<li>En kost baserad p\u00e5 raffinerade kolhydrater och enkla sockerarter kan orsaka cystit, eftersom dessa livsmedel fr\u00e4mjar spridningen av f\u00f6roreningar och bakterier. En h\u00e4lsosam, balanserad kost \u00e4r grunden f\u00f6r r\u00e5d om f\u00f6rebyggande av cystit. Vid infektion kan D-mannos vara ett naturligt alternativ till antibiotika.<\/li>\n<\/ul>\n<hr \/>\n<h2>Vanliga fr\u00e5gor om sambandet mellan Covid och cystit<\/h2>\n<p><script type=\"application\/ld+json\">\n{\n  \"@context\": \"https:\/\/schema.org\",\n  \"@type\": \"FAQPage\",\n  \"mainEntity\": [\n    {\n      \"@type\": \"Question\",\n      \"name\": \"Che cos'\u00e8 la cistite associata a Covid?\",\n      \"acceptedAnswer\": {\n        \"@type\": \"Answer\",\n        \"text\": \"La cistite associata a Covid \u00e8 il risultato dell'infezione da Covid-19 che colpisce il tratto urinario, provocando i sintomi di frequenza urinaria, urgenza, pressione e\/o dolore.\"\n      }\n    },\n    {\n      \"@type\": \"Question\",\n      \"name\": \"Quali sono gli effetti dei vaccini Covid-19 sulla cistite?\",\n      \"acceptedAnswer\": {\n        \"@type\": \"Answer\",\n        \"text\": \"Secondo uno studio pubblicato sul Journal of Clinical Medicine, i vaccini Covid-19 di Astrazeneca, Moderna e Pfizer sono stati associati a un significativo peggioramento dei sintomi del tratto urinario inferiore e a una maggiore variazione rilevata della frequenza e dell'urgenza urinaria. Gli effetti avversi pi\u00f9 frequenti sono stati l'urgenza urinaria, la frequenza a urinare, la nicturia e l'incontinenza urinaria. Tuttavia, sono necessari ulteriori studi prospettici per dimostrare l'associazione causale tra il vaccino e i sintomi urinari dopo la vaccinazione.\"\n      }\n    },\n    {\n      \"@type\": \"Question\",\n      \"name\": \"Perch\u00e9 tante persone hanno sofferto di cistite durante la pandemia?\",\n      \"acceptedAnswer\": {\n        \"@type\": \"Answer\",\n        \"text\": \"Durante il lockdown, molte persone hanno consumato una dieta a base di carboidrati raffinati e zuccheri semplici, che possono causare l'insorgenza di una cistite perch\u00e9 favoriscono la proliferazione di fughi e batteri. Inoltre, il periodo di lockdown ha causato una riduzione delle attivit\u00e0 fisiche e un aumento dello stress, che possono contribuire all'insorgenza della cistite. \"\n      }\n    }\n  ]\n}\n<\/script><br \/>\n<strong>Vad \u00e4r covid-associerad cystit?<\/strong><br \/>\nCovid-associerad cystit \u00e4r resultatet av en Covid-19-infektion som involverar urinv\u00e4garna och orsakar de symtom p\u00e5 urinfrekvens, tr\u00e4ngningar, tryck och\/eller sm\u00e4rta som vi redan \u00e4r bekanta med.<\/p>\n<p><strong>Hur uppt\u00e4cktes Covid-associerad cystit?<\/strong><br \/>\nI b\u00f6rjan av pandemin var tyska urologer f\u00f6rst med att beskriva de pl\u00f6tsligt uppkomna urinv\u00e4gssymtomen hos patienter med covid-19. De delade med sig av ett ovanligt fall av en patient som lagts in p\u00e5 sjukhus och som rapporterade feber, frossa, sm\u00e4rta, tr\u00e4ngningar och \u00f6kade urinv\u00e4gssymtom, trots att det inte fanns n\u00e5gra tecken p\u00e5 en typisk bakteriell urinv\u00e4gsinfektion.<\/p>\n<p><strong>Varf\u00f6r drabbades s\u00e5 m\u00e5nga m\u00e4nniskor av bl\u00e5skatarr under pandemin?<\/strong><br \/>\nUnder nedst\u00e4ngningen konsumerade m\u00e5nga m\u00e4nniskor en diet med raffinerade kolhydrater och enkla sockerarter, vilket kan orsaka cystit eftersom de fr\u00e4mjar spridningen av f\u00f6roreningar och bakterier. Dessutom ledde nedst\u00e4ngningsperioden till en minskning av fysiska aktiviteter och \u00f6kad stress, vilket kan bidra till uppkomsten av cystit.<\/p>\n","protected":false},"excerpt":{"rendered":"<p>Min k\u00e4ra v\u00e4n, Covid-19-pandemin har chockat hela v\u00e4rlden och orsakat m\u00e5nga of\u00f6ruts\u00e4gbara konsekvenser. Men har du n\u00e5gonsin f\u00f6rest\u00e4llt dig att denna sjukdom ocks\u00e5 kan p\u00e5verka symtomen p\u00e5 cystit? I den h\u00e4r artikeln tar vi upp sambandet mellan covid-19 och cystit. Cystit och covid-19: hur de tv\u00e5 h\u00e4nger ihop Vad \u00e4r sambandet mellan covid-19 och cystit? [&hellip;]<\/p>\n","protected":false},"author":19,"featured_media":50497,"comment_status":"closed","ping_status":"closed","sticky":false,"template":"","format":"standard","meta":{"_acf_changed":false,"footnotes":""},"categories":[1156,1158],"tags":[1152],"class_list":["post-50494","post","type-post","status-publish","format-standard","has-post-thumbnail","hentry","category-tidskrift","category-valbefinnande","tag-orsaker-2"],"acf":[],"yoast_head":"<!-- This site is optimized with the Yoast SEO plugin v27.5 - https:\/\/yoast.com\/product\/yoast-seo-wordpress\/ -->\n<title>Covid och cystit: \u00e4r de tv\u00e5 relaterade? \ud83e\udd28 | Dimann<\/title>\n<meta name=\"description\" content=\"Det \u00e4r d\u00e4rf\u00f6r \u00e4nnu fler drabbas av bl\u00e5skatarr under Covid-19-utbrottet. Ta reda p\u00e5 mer &gt;&gt; G\u00e5 till hela artikeln!\" \/>\n<meta name=\"robots\" content=\"index, follow, max-snippet:-1, max-image-preview:large, max-video-preview:-1\" \/>\n<link rel=\"canonical\" href=\"https:\/\/www.dimann.com\/sv\/tidskrift\/covid-och-cystit\/\" \/>\n<meta property=\"og:locale\" content=\"sv_SE\" \/>\n<meta property=\"og:type\" content=\"article\" \/>\n<meta property=\"og:title\" content=\"Covid och cystit: \u00e4r de tv\u00e5 relaterade? \ud83e\udd28 | Dimann\" \/>\n<meta property=\"og:description\" content=\"Det \u00e4r d\u00e4rf\u00f6r \u00e4nnu fler drabbas av bl\u00e5skatarr under Covid-19-utbrottet. Ta reda p\u00e5 mer &gt;&gt; G\u00e5 till hela artikeln!\" \/>\n<meta property=\"og:url\" content=\"https:\/\/www.dimann.com\/sv\/tidskrift\/covid-och-cystit\/\" \/>\n<meta property=\"og:site_name\" content=\"Dimann\" \/>\n<meta property=\"article:publisher\" content=\"https:\/\/www.facebook.com\/pg\/Dimann.cistite\/posts\/\" \/>\n<meta property=\"article:published_time\" content=\"2025-04-08T07:59:47+00:00\" \/>\n<meta property=\"article:modified_time\" content=\"2025-10-14T16:54:50+00:00\" \/>\n<meta property=\"og:image\" content=\"https:\/\/www.dimann.com\/wp-content\/uploads\/2023\/04\/covid-cistite.jpg\" \/>\n\t<meta property=\"og:image:width\" content=\"800\" \/>\n\t<meta property=\"og:image:height\" content=\"450\" \/>\n\t<meta property=\"og:image:type\" content=\"image\/jpeg\" \/>\n<meta name=\"author\" content=\"Roberto Serra\" \/>\n<meta name=\"twitter:card\" content=\"summary_large_image\" \/>\n<meta name=\"twitter:label1\" content=\"Skriven av\" \/>\n\t<meta name=\"twitter:data1\" content=\"Roberto Serra\" \/>\n\t<meta name=\"twitter:label2\" content=\"Ber\u00e4knad l\u00e4stid\" \/>\n\t<meta name=\"twitter:data2\" content=\"6 minuter\" \/>\n<!-- \/ Yoast SEO plugin. -->","yoast_head_json":{"title":"Covid och cystit: \u00e4r de tv\u00e5 relaterade? \ud83e\udd28 | Dimann","description":"Det \u00e4r d\u00e4rf\u00f6r \u00e4nnu fler drabbas av bl\u00e5skatarr under Covid-19-utbrottet. Ta reda p\u00e5 mer >> G\u00e5 till hela artikeln!","robots":{"index":"index","follow":"follow","max-snippet":"max-snippet:-1","max-image-preview":"max-image-preview:large","max-video-preview":"max-video-preview:-1"},"canonical":"https:\/\/www.dimann.com\/sv\/tidskrift\/covid-och-cystit\/","og_locale":"sv_SE","og_type":"article","og_title":"Covid och cystit: \u00e4r de tv\u00e5 relaterade? \ud83e\udd28 | Dimann","og_description":"Det \u00e4r d\u00e4rf\u00f6r \u00e4nnu fler drabbas av bl\u00e5skatarr under Covid-19-utbrottet. Ta reda p\u00e5 mer >> G\u00e5 till hela artikeln!","og_url":"https:\/\/www.dimann.com\/sv\/tidskrift\/covid-och-cystit\/","og_site_name":"Dimann","article_publisher":"https:\/\/www.facebook.com\/pg\/Dimann.cistite\/posts\/","article_published_time":"2025-04-08T07:59:47+00:00","article_modified_time":"2025-10-14T16:54:50+00:00","og_image":[{"width":800,"height":450,"url":"https:\/\/www.dimann.com\/wp-content\/uploads\/2023\/04\/covid-cistite.jpg","type":"image\/jpeg"}],"author":"Roberto Serra","twitter_card":"summary_large_image","twitter_misc":{"Skriven av":"Roberto Serra","Ber\u00e4knad l\u00e4stid":"6 minuter"},"schema":{"@context":"https:\/\/schema.org","@graph":[{"@type":"Article","@id":"https:\/\/www.dimann.com\/sv\/tidskrift\/covid-och-cystit\/#article","isPartOf":{"@id":"https:\/\/www.dimann.com\/sv\/tidskrift\/covid-och-cystit\/"},"author":{"name":"Roberto Serra","@id":"https:\/\/www.dimann.com\/sv\/#\/schema\/person\/379a3676fd6c50c0c0d306b19016129f"},"headline":"Cystit och covid-19: samband, symtom och forskning","datePublished":"2025-04-08T07:59:47+00:00","dateModified":"2025-10-14T16:54:50+00:00","mainEntityOfPage":{"@id":"https:\/\/www.dimann.com\/sv\/tidskrift\/covid-och-cystit\/"},"wordCount":1246,"publisher":{"@id":"https:\/\/www.dimann.com\/sv\/#organization"},"image":{"@id":"https:\/\/www.dimann.com\/sv\/tidskrift\/covid-och-cystit\/#primaryimage"},"thumbnailUrl":"https:\/\/www.dimann.com\/wp-content\/uploads\/2023\/04\/covid-cistite.jpg","keywords":["Orsaker"],"articleSection":["Tidskrift","V\u00e4lbefinnande"],"inLanguage":"sv-SE"},{"@type":"WebPage","@id":"https:\/\/www.dimann.com\/sv\/tidskrift\/covid-och-cystit\/","url":"https:\/\/www.dimann.com\/sv\/tidskrift\/covid-och-cystit\/","name":"Covid och cystit: \u00e4r de tv\u00e5 relaterade? \ud83e\udd28 | Dimann","isPartOf":{"@id":"https:\/\/www.dimann.com\/sv\/#website"},"primaryImageOfPage":{"@id":"https:\/\/www.dimann.com\/sv\/tidskrift\/covid-och-cystit\/#primaryimage"},"image":{"@id":"https:\/\/www.dimann.com\/sv\/tidskrift\/covid-och-cystit\/#primaryimage"},"thumbnailUrl":"https:\/\/www.dimann.com\/wp-content\/uploads\/2023\/04\/covid-cistite.jpg","datePublished":"2025-04-08T07:59:47+00:00","dateModified":"2025-10-14T16:54:50+00:00","description":"Det \u00e4r d\u00e4rf\u00f6r \u00e4nnu fler drabbas av bl\u00e5skatarr under Covid-19-utbrottet. Ta reda p\u00e5 mer >> G\u00e5 till hela artikeln!","breadcrumb":{"@id":"https:\/\/www.dimann.com\/sv\/tidskrift\/covid-och-cystit\/#breadcrumb"},"inLanguage":"sv-SE","potentialAction":[{"@type":"ReadAction","target":["https:\/\/www.dimann.com\/sv\/tidskrift\/covid-och-cystit\/"]}]},{"@type":"ImageObject","inLanguage":"sv-SE","@id":"https:\/\/www.dimann.com\/sv\/tidskrift\/covid-och-cystit\/#primaryimage","url":"https:\/\/www.dimann.com\/wp-content\/uploads\/2023\/04\/covid-cistite.jpg","contentUrl":"https:\/\/www.dimann.com\/wp-content\/uploads\/2023\/04\/covid-cistite.jpg","width":800,"height":450},{"@type":"BreadcrumbList","@id":"https:\/\/www.dimann.com\/sv\/tidskrift\/covid-och-cystit\/#breadcrumb","itemListElement":[{"@type":"ListItem","position":1,"name":"Tidskrift","item":"https:\/\/www.dimann.com\/sv\/tidskrift\/"},{"@type":"ListItem","position":2,"name":"Covid-19 och Cystit: Sambandet och \u00d6verraskande Effekter"}]},{"@type":"WebSite","@id":"https:\/\/www.dimann.com\/sv\/#website","url":"https:\/\/www.dimann.com\/sv\/","name":"Dimann","description":"","publisher":{"@id":"https:\/\/www.dimann.com\/sv\/#organization"},"potentialAction":[{"@type":"SearchAction","target":{"@type":"EntryPoint","urlTemplate":"https:\/\/www.dimann.com\/sv\/?s={search_term_string}"},"query-input":{"@type":"PropertyValueSpecification","valueRequired":true,"valueName":"search_term_string"}}],"inLanguage":"sv-SE"},{"@type":"Organization","@id":"https:\/\/www.dimann.com\/sv\/#organization","name":"Dimann","url":"https:\/\/www.dimann.com\/sv\/","logo":{"@type":"ImageObject","inLanguage":"sv-SE","@id":"https:\/\/www.dimann.com\/sv\/#\/schema\/logo\/image\/","url":"https:\/\/www.dimann.com\/wp-content\/uploads\/2019\/07\/logo.svg","contentUrl":"https:\/\/www.dimann.com\/wp-content\/uploads\/2019\/07\/logo.svg","width":1,"height":1,"caption":"Dimann"},"image":{"@id":"https:\/\/www.dimann.com\/sv\/#\/schema\/logo\/image\/"},"sameAs":["https:\/\/www.facebook.com\/pg\/Dimann.cistite\/posts\/","https:\/\/www.instagram.com\/dimann_official\/"]},{"@type":"Person","@id":"https:\/\/www.dimann.com\/sv\/#\/schema\/person\/379a3676fd6c50c0c0d306b19016129f","name":"Roberto Serra"}]}},"_links":{"self":[{"href":"https:\/\/www.dimann.com\/sv\/wp-json\/wp\/v2\/posts\/50494","targetHints":{"allow":["GET"]}}],"collection":[{"href":"https:\/\/www.dimann.com\/sv\/wp-json\/wp\/v2\/posts"}],"about":[{"href":"https:\/\/www.dimann.com\/sv\/wp-json\/wp\/v2\/types\/post"}],"author":[{"embeddable":true,"href":"https:\/\/www.dimann.com\/sv\/wp-json\/wp\/v2\/users\/19"}],"replies":[{"embeddable":true,"href":"https:\/\/www.dimann.com\/sv\/wp-json\/wp\/v2\/comments?post=50494"}],"version-history":[{"count":4,"href":"https:\/\/www.dimann.com\/sv\/wp-json\/wp\/v2\/posts\/50494\/revisions"}],"predecessor-version":[{"id":56398,"href":"https:\/\/www.dimann.com\/sv\/wp-json\/wp\/v2\/posts\/50494\/revisions\/56398"}],"wp:featuredmedia":[{"embeddable":true,"href":"https:\/\/www.dimann.com\/sv\/wp-json\/wp\/v2\/media\/50497"}],"wp:attachment":[{"href":"https:\/\/www.dimann.com\/sv\/wp-json\/wp\/v2\/media?parent=50494"}],"wp:term":[{"taxonomy":"category","embeddable":true,"href":"https:\/\/www.dimann.com\/sv\/wp-json\/wp\/v2\/categories?post=50494"},{"taxonomy":"post_tag","embeddable":true,"href":"https:\/\/www.dimann.com\/sv\/wp-json\/wp\/v2\/tags?post=50494"}],"curies":[{"name":"wp","href":"https:\/\/api.w.org\/{rel}","templated":true}]}}