{"id":50505,"date":"2025-04-08T09:59:55","date_gmt":"2025-04-08T07:59:55","guid":{"rendered":"https:\/\/www.dimann.com\/okategoriserad\/cistite-e-colon-irritabile\/"},"modified":"2025-10-14T18:54:30","modified_gmt":"2025-10-14T16:54:30","slug":"cystit-och-irriterad-tarm","status":"publish","type":"post","link":"https:\/\/www.dimann.com\/sv\/tidskrift\/cystit-och-irriterad-tarm\/","title":{"rendered":"Sambandet mellan interstitiell cystit och IBS"},"content":{"rendered":"<p>K\u00e4ra l\u00e4sare, \u2764\ufe0f<\/p>\n<p>Vet du vad irritabel tarm och interstitiell cystit har gemensamt?<\/p>\n<p>B\u00e5da kan kraftigt p\u00e5verka en persons livskvalitet. Om du lider av n\u00e5gon av dessa sjukdomar eller bara \u00e4r intresserad av att ta reda p\u00e5 mer, \u00e4r du p\u00e5 r\u00e4tt plats.<\/p>\n<p>I den h\u00e4r artikeln kommer vi tillsammans att unders\u00f6ka m\u00f6jliga orsaker och symtom f\u00f6r irritabel tarm och interstitiell cystit.<\/p>\n<h2>Interstitiell cystit och irritabelt tarmsyndrom: finns det en korrelation?<\/h2>\n<h3>Symtom p\u00e5 irritabelt tarmsyndrom<\/h3>\n<p>F\u00f6r de flesta som lider av irritabel tarm \u00e4r symtomen begr\u00e4nsade till sporadiska obehagsk\u00e4nslor. Men f\u00f6r andra <strong>p\u00e5verkar tillst\u00e5ndet livskvaliteten allvarligt.<\/strong><\/p>\n<p>Det vanligaste symtomet \u00e4r<strong> sm\u00e4rta eller obehag<\/strong> i buken, oftast p\u00e5 v\u00e4nster sida av underlivet. S\u00e4rskilt kvinnor ser ofta ett samband mellan sm\u00e4rta och <a href=\"https:\/\/www.dimann.com\/sv\/tidskrift\/cystit-och-menstruation-sambandet\/\" target=\"_blank\" rel=\"noopener\">menstruationscykeln<\/a>.<\/p>\n<p>Ett annat vanligt symptom \u00e4r <strong>f\u00f6r\u00e4ndrade tarmvanor<\/strong>.<\/p>\n<p>F\u00f6r att vara exakt kan tarmr\u00f6relserna v\u00e4xla mellan <strong>f\u00f6rstoppning och diarr\u00e9<\/strong>: ibland kan man k\u00e4nna ett akut behov av att g\u00e5 p\u00e5 toaletten eller k\u00e4nna en mycket sp\u00e4nd tarm. Efter\u00e5t kan man ha en k\u00e4nsla av att tarmen inte har t\u00f6mts helt.<\/p>\n<p>Andra symtom p\u00e5 irritabelt tarmsyndrom kan vara:<\/p>\n<ul>\n<li>k\u00e4nsla av sjukdomsk\u00e4nsla;<\/li>\n<li>matsm\u00e4ltningsbesv\u00e4r;<\/li>\n<li>huvudv\u00e4rk;<\/li>\n<li>ryggsm\u00e4rta;<\/li>\n<li>Tr\u00f6tthet;<\/li>\n<li>svullnadsk\u00e4nsla;<\/li>\n<li>problem <a href=\"https:\/\/www.dimann.com\/sv\/cystit-den-ultimata-guiden-av-lorenza\/\" target=\"_blank\" rel=\"noopener\">med urinbl\u00e5san, t.ex. behov av att kissa oftare<\/a>;<\/li>\n<li>problem med sexuallivet, t.ex. <a href=\"https:\/\/www.dimann.com\/sv\/tidskrift\/sveda-efter-en-samlag-utan-kondom\/\" target=\"_blank\" rel=\"noopener\">sm\u00e4rta under eller efter samlag<\/a> eller minskat sexuellt intresse;<\/li>\n<li>\u00e5ngest;<\/li>\n<li>depression.<\/li>\n<\/ul>\n<blockquote><p><strong>L\u00e4s ocks\u00e5: <\/strong><a href=\"https:\/\/www.dimann.com\/sv\/tidskrift\/bjornbar-cystit\/\" target=\"_blank\" rel=\"noopener\">Effekterna av bj\u00f6rnb\u00e4r p\u00e5 cystit: allt du beh\u00f6ver veta<\/a><\/p><\/blockquote>\n<h3>Orsaker till irritabelt tarmsyndrom<\/h3>\n<p>De exakta orsakerna till varf\u00f6r en person kan utveckla irritabel tarm \u00e4r f\u00f6r n\u00e4rvarande ok\u00e4nda.<\/p>\n<p>Hursomhelst kan de vara en kombination av:<\/p>\n<ul>\n<li><strong>mer frekventa eller mer intensiva sammandragningar<\/strong> av musklerna i tarmv\u00e4ggen: detta kan intr\u00e4ffa om signalerna fr\u00e5n hj\u00e4rnan till magen p\u00e5 n\u00e5got s\u00e4tt avbryts under matens passage genom matsm\u00e4ltningskanalen;<\/li>\n<li>\u00f6kad <strong>k\u00e4nslighet f\u00f6r sm\u00e4rta inuti;<\/strong><\/li>\n<li><strong>inflammation i<\/strong> tarmen, t.ex. till f\u00f6ljd av en infektion som gastroenterit;<\/li>\n<li>deras <strong>genetiska arv<\/strong>;<\/li>\n<li>psykologiska faktorer, som t <a href=\"https:\/\/www.dimann.com\/sv\/tidskrift\/stress-kan-or-saka-cystit\/\" target=\"_blank\" rel=\"noopener\">.ex. stress;<\/a><\/li>\n<li><strong>antibiotika och icke-steroida antiinflammatoriska l\u00e4kemedel<\/strong> (NSAID), t.ex. ibuprofen och diklofenak.<\/li>\n<\/ul>\n<h3>Irritabelt tarmsyndrom och interstitiell cystit: \u00e4r de tv\u00e5 relaterade?<\/h3>\n<p>\u00c4ven om den exakta orsaken till <a href=\"https:\/\/www.dimann.com\/sv\/valbefinnande\/interstitiell-cystit\/\" target=\"_blank\" rel=\"noopener\">interstitiell cystit<\/a> \u00e4r ok\u00e4nd, \u00e4r det troligt att m\u00e5nga faktorer bidrar.<\/p>\n<p>Personer med interstitiell cystit kan t.ex. ocks\u00e5 ha en defekt i urinbl\u00e5sans skyddande slemhinna (epitelet). Ett l\u00e4ckage i epitelet kan leda till<strong> att giftiga \u00e4mnen i urinen irriterar bl\u00e5sv\u00e4ggen<\/strong>.<\/p>\n<p>Andra m\u00f6jliga men obevisade faktorer \u00e4r en <strong>autoimmun reaktion, \u00e4rftlighet, infektion eller allergi<\/strong>.<\/p>\n<p>Men det \u00e4r inte allt.<\/p>\n<p>F\u00f6ljande faktorer \u00e4r f\u00f6rknippade med en \u00f6kad risk f\u00f6r interstitiell cystit:<\/p>\n<ul>\n<li><strong>k\u00f6n<\/strong>: interstitiell cystit diagnostiseras oftare hos kvinnor <a href=\"https:\/\/www.dimann.com\/sv\/tidskrift\/cystit-hos-man\/\" target=\"_blank\" rel=\"noopener\">\u00e4n hos m\u00e4n.<\/a> Hos m\u00e4n kan symtomen likna dem vid interstitiell cystit, men \u00e4r ofta f\u00f6rknippade med inflammation i prostatak\u00f6rteln (prostatit);<\/li>\n<li><strong>\u00e5lder<\/strong>: de flesta f\u00e5r diagnosen interstitiell cystit efter trettio\u00e5rs\u00e5ldern;<\/li>\n<li><strong>har en kronisk sm\u00e4rtst\u00f6rning<\/strong>: interstitiell cystit kan vara relaterad till en annan kronisk sm\u00e4rtst\u00f6rning <strong>, s\u00e5som irritabelt tarmsyndrom eller fibromyalgi<\/strong>.<\/li>\n<\/ul>\n<p>Just det, precis s\u00e5.<\/p>\n<p>Under \u00e5rens lopp har viss forskning visat att<strong> personer som lider av interstitiell cystit \u00e4r mer ben\u00e4gna att drabbas av andra kroniska sjukdomar<\/strong>, bland annat irritabel tarm.<\/p>\n<p>Orsaken till denna \u00f6verlappning \u00e4r inte k\u00e4nd, men tyder p\u00e5 <strong>en mer systemisk dysfunktion<\/strong>. Forskarna unders\u00f6ker betydelsen av inflammatoriska processer, &#8221;korssensibilisering&#8221; mellan nerverna i urinbl\u00e5san och tarmen samt andra dysfunktioner i centrala nervsystemet f\u00f6r att b\u00e4ttre f\u00f6rst\u00e5 de underliggande faktorer som orsakar och uppr\u00e4tth\u00e5ller dessa kroniska tillst\u00e5nd.<\/p>\n<p>Om man uppt\u00e4cker att man lider av b\u00e5da tillst\u00e5nden \u00e4r det b\u00e4sta att inleda <strong>ett bra samarbete med en l\u00e4kare.<\/strong> Endast en professionell person kan hj\u00e4lpa patienten att v\u00e4lja mellan de olika behandlingsalternativen f\u00f6r b\u00e5da tillst\u00e5nden, f\u00f6r att identifiera de som kan gynna b\u00e5da, utan att f\u00f6rv\u00e4rra det ena eller det andra.<\/p>\n<p>Men det \u00e4r inte allt.<\/p>\n<p>Eftersom <a href=\"https:\/\/www.dimann.com\/sv\/tidskrift\/dieta-for-cystit-hur-bemota-det-genom-mat\/\" target=\"_blank\" rel=\"noopener\">vissa livsmedel<\/a> \u00e4r k\u00e4nda f\u00f6r att f\u00f6rv\u00e4rra b\u00e5da tillst\u00e5nden kan en symtomdagbok och en <strong>eliminationsdiet<\/strong> &#8211; med hj\u00e4lp av en expert &#8211; hj\u00e4lpa till att identifiera livsmedel som bidrar till tarm- eller bl\u00e5ssymptom.<\/p>\n<p>Slutligen, eftersom det \u00e4r m\u00f6jligt att det finns dysfunktion p\u00e5 systemniv\u00e5 som bidrar till b\u00e5de interstitiell cystit och irritabelt tarmsyndrom, kan det vara anv\u00e4ndbart att<strong> \u00f6verv\u00e4ga holistiska metoder f\u00f6r h\u00e4lsa<\/strong>.<\/p>\n<p>Vilka d\u00e5?<\/p>\n<p>Mind\/body-aktiviteter som <strong>yoga, meditation och regelbunden anv\u00e4ndning av avslappnings\u00f6vningar<\/strong> kan hj\u00e4lpa till att lindra \u00e5ngest och <a href=\"https:\/\/www.dimann.com\/sv\/tidskrift\/stress-kan-or-saka-cystit\/\">stress<\/a>, andra faktorer som kan \u00f6ka sm\u00e4rtupplevelsen.<\/p>\n<p>Om du har n\u00e5gra andra funderingar, kom ih\u00e5g att du alltid kan skriva till mig! \u2764\ufe0f<\/p>\n<p>Jag omfamnar dig h\u00e5rt,<\/p>\n<p>Lorenza<\/p>\n<blockquote><p><strong>L\u00e4s ocks\u00e5: <\/strong><a href=\"https:\/\/www.dimann.com\/sv\/tidskrift\/covid-och-cystit\/\" target=\"_blank\" rel=\"noopener\">Varf\u00f6r \u00e4nnu fler drabbas av bl\u00e5skatarr under Covid-19-utbrottet<\/a><\/p><\/blockquote>\n<h3>I den h\u00e4r artikeln pratade vi om &#8230;<\/h3>\n<ul>\n<li>Det vanligaste symtomet p\u00e5 irritabel tarm \u00e4r sm\u00e4rta eller obehag i buken, oftast p\u00e5 v\u00e4nster sida av nedre delen av buken. Kvinnor ser ofta ett samband mellan sm\u00e4rtan och menstruationscykeln.<\/li>\n<li>Andra symtom kan vara olustk\u00e4nsla, matsm\u00e4ltningsbesv\u00e4r, huvudv\u00e4rk, ryggv\u00e4rk, uppbl\u00e5sthet, problem med urinbl\u00e5san och sexuella problem, \u00e5ngest och depression.<\/li>\n<li>De exakta orsakerna till att en person kan utveckla irritabel tarm \u00e4r f\u00f6r n\u00e4rvarande ok\u00e4nda, men det kan vara en kombination av mer frekventa eller mer intensiva sammandragningar av tarmv\u00e4ggens muskulatur, \u00f6kad k\u00e4nslighet f\u00f6r sm\u00e4rta, inflammation i tarmen, genetiskt arv, psykologiska faktorer och medicinering. Dessutom kan det vara relaterat till andra kroniska sjukdomar som interstitiell cystit och fibromyalgi.<\/li>\n<li>De exakta orsakerna till interstitiell cystit \u00e4r ok\u00e4nda, men kan vara relaterade till faktorer som en defekt i urinbl\u00e5sans skyddande slemhinna, en autoimmun reaktion, \u00e4rftlighet, infektion eller allergi.<\/li>\n<\/ul>\n<h3>FAQ om sambandet mellan cystit och irritabelt tarmsyndrom<\/h3>\n<p><script type=\"application\/ld+json\">\n{\n  \"@context\": \"https:\/\/schema.org\",\n  \"@type\": \"FAQPage\",\n  \"mainEntity\": [\n    {\n      \"@type\": \"Question\",\n      \"name\": \"Quali sono i sintomi della sindrome dell'intestino irritabile?\",\n      \"acceptedAnswer\": {\n        \"@type\": \"Answer\",\n        \"text\": \"I sintomi pi\u00f9 comuni della sindrome dell'intestino irritabile includono il dolore o il fastidio all'addome, pi\u00f9 spesso sul lato sinistro dell'addome inferiore, e il cambiamento delle abitudini intestinali. Altri sintomi possono includere la sensazione di malessere, indigestione, mal di testa, mal di schiena, sensazione di gonfiore, problemi alla vescica, problemi nella vita sessuale, ansia e depressione.\"\n      }\n    },\n    {\n      \"@type\": \"Question\",\n      \"name\": \"Quali sono le cause della sindrome dell'intestino irritabile?\",\n      \"acceptedAnswer\": {\n        \"@type\": \"Answer\",\n        \"text\": \"Le ragioni esatte per cui una persona pu\u00f2 sviluppare la sindrome dell'intestino irritabile non sono attualmente note, ma potrebbe essere una combinazione di contrazioni pi\u00f9 frequenti o pi\u00f9 intense della muscolatura della parete intestinale, aumento della sensibilit\u00e0 al dolore all'interno, infiammazione dell'intestino, patrimonio genetico, fattori psicologici come lo stress, antibiotici e farmaci antinfiammatori non steroidei.\"\n      }\n    },\n    {\n      \"@type\": \"Question\",\n      \"name\": \"Sindrome del colon irritabile e cistite interstiziale: le due cose sono collegate?\",\n      \"acceptedAnswer\": {\n        \"@type\": \"Answer\",\n        \"text\": \"Ci sono alcune ricerche che suggeriscono che i soggetti che soffrono di cistite interstiziale hanno maggiori probabilit\u00e0 di soffrire anche di sindrome dell'intestino irritabile. La ragione di questa sovrapposizione non \u00e8 nota, ma suggerisce una disfunzione pi\u00f9 sistemica. I ricercatori stanno esaminando il ruolo dei processi infiammatori, una 'sensibilizzazione incrociata' tra i nervi della vescica e dell'intestino e altre disfunzioni del sistema nervoso centrale per comprendere meglio i fattori sottostanti responsabili dell'inizio e del mantenimento di queste condizioni croniche.\"\n      }\n    }\n  ]\n}\n<\/script><br \/>\n<strong>Vilka \u00e4r de vanligaste symtomen p\u00e5 irritabelt tarmsyndrom?<\/strong><\/p>\n<p>De vanligaste symtomen p\u00e5 irritabel tarm \u00e4r sm\u00e4rta eller obehag i buken, oftast p\u00e5 v\u00e4nster sida av nedre delen av buken, och f\u00f6r\u00e4ndrade tarmvanor. Andra symtom kan vara olustk\u00e4nsla, matsm\u00e4ltningsbesv\u00e4r, huvudv\u00e4rk, ryggv\u00e4rk, uppbl\u00e5sthet, problem med urinbl\u00e5san, problem med sexuallivet, \u00e5ngest och depression.<\/p>\n<p><strong>Vilka \u00e4r de m\u00f6jliga orsakerna till irritabelt tarmsyndrom?<\/strong><\/p>\n<p>De exakta orsakerna till irritabel tarm \u00e4r inte k\u00e4nda, men det kan vara en kombination av mer frekventa eller mer intensiva sammandragningar av tarmv\u00e4ggens muskulatur, \u00f6kad k\u00e4nslighet f\u00f6r sm\u00e4rta inuti, inflammation i tarmen, genetiskt arv, psykologiska faktorer som stress, antibiotika och icke-steroida antiinflammatoriska l\u00e4kemedel.<\/p>\n<p><strong>Vilka faktorer \u00e4r f\u00f6rknippade med en \u00f6kad risk f\u00f6r interstitiell cystit?<\/strong><\/p>\n<p>Faktorer som \u00e4r f\u00f6rknippade med en \u00f6kad risk f\u00f6r interstitiell cystit \u00e4r k\u00f6n (vanligare hos kvinnor), \u00e5lder (de flesta f\u00e5r diagnosen efter 30 \u00e5rs \u00e5lder) och f\u00f6rekomsten av en kronisk sm\u00e4rtst\u00f6rning som irritabel tarm eller fibromyalgi.<\/p>\n","protected":false},"excerpt":{"rendered":"<p>K\u00e4ra l\u00e4sare, \u2764\ufe0f Vet du vad irritabel tarm och interstitiell cystit har gemensamt? B\u00e5da kan kraftigt p\u00e5verka en persons livskvalitet. Om du lider av n\u00e5gon av dessa sjukdomar eller bara \u00e4r intresserad av att ta reda p\u00e5 mer, \u00e4r du p\u00e5 r\u00e4tt plats. I den h\u00e4r artikeln kommer vi tillsammans att unders\u00f6ka m\u00f6jliga orsaker och [&hellip;]<\/p>\n","protected":false},"author":19,"featured_media":50509,"comment_status":"closed","ping_status":"closed","sticky":false,"template":"","format":"standard","meta":{"_acf_changed":false,"footnotes":""},"categories":[1156,1158],"tags":[1152],"class_list":["post-50505","post","type-post","status-publish","format-standard","has-post-thumbnail","hentry","category-tidskrift","category-valbefinnande","tag-orsaker-2"],"acf":[],"yoast_head":"<!-- This site is optimized with the Yoast SEO plugin v27.5 - https:\/\/yoast.com\/product\/yoast-seo-wordpress\/ -->\n<title>cystit och irritabel tarm | Dimann<\/title>\n<meta name=\"description\" content=\"Cystit och irritabelt tarmsyndrom: finns det ett samband? Ta reda p\u00e5 mer om detta. F\u00f6rdelarna med D-mannos &gt;&gt; G\u00e5 till hela artikeln!\" \/>\n<meta name=\"robots\" content=\"index, follow, max-snippet:-1, max-image-preview:large, max-video-preview:-1\" \/>\n<link rel=\"canonical\" href=\"https:\/\/www.dimann.com\/sv\/tidskrift\/cystit-och-irriterad-tarm\/\" \/>\n<meta property=\"og:locale\" content=\"sv_SE\" \/>\n<meta property=\"og:type\" content=\"article\" \/>\n<meta property=\"og:title\" content=\"cystit och irritabel tarm | Dimann\" \/>\n<meta property=\"og:description\" content=\"Cystit och irritabelt tarmsyndrom: finns det ett samband? Ta reda p\u00e5 mer om detta. F\u00f6rdelarna med D-mannos &gt;&gt; G\u00e5 till hela artikeln!\" \/>\n<meta property=\"og:url\" content=\"https:\/\/www.dimann.com\/sv\/tidskrift\/cystit-och-irriterad-tarm\/\" \/>\n<meta property=\"og:site_name\" content=\"Dimann\" \/>\n<meta property=\"article:publisher\" content=\"https:\/\/www.facebook.com\/pg\/Dimann.cistite\/posts\/\" \/>\n<meta property=\"article:published_time\" content=\"2025-04-08T07:59:55+00:00\" \/>\n<meta property=\"article:modified_time\" content=\"2025-10-14T16:54:30+00:00\" \/>\n<meta property=\"og:image\" content=\"https:\/\/www.dimann.com\/wp-content\/uploads\/2023\/05\/colon-irritabile-e-cistite.jpg\" \/>\n\t<meta property=\"og:image:width\" content=\"750\" \/>\n\t<meta property=\"og:image:height\" content=\"500\" \/>\n\t<meta property=\"og:image:type\" content=\"image\/jpeg\" \/>\n<meta name=\"author\" content=\"Roberto Serra\" \/>\n<meta name=\"twitter:card\" content=\"summary_large_image\" \/>\n<meta name=\"twitter:label1\" content=\"Skriven av\" \/>\n\t<meta name=\"twitter:data1\" content=\"Roberto Serra\" \/>\n\t<meta name=\"twitter:label2\" content=\"Ber\u00e4knad l\u00e4stid\" \/>\n\t<meta name=\"twitter:data2\" content=\"6 minuter\" \/>\n<!-- \/ Yoast SEO plugin. -->","yoast_head_json":{"title":"cystit och irritabel tarm | Dimann","description":"Cystit och irritabelt tarmsyndrom: finns det ett samband? Ta reda p\u00e5 mer om detta. F\u00f6rdelarna med D-mannos >> G\u00e5 till hela artikeln!","robots":{"index":"index","follow":"follow","max-snippet":"max-snippet:-1","max-image-preview":"max-image-preview:large","max-video-preview":"max-video-preview:-1"},"canonical":"https:\/\/www.dimann.com\/sv\/tidskrift\/cystit-och-irriterad-tarm\/","og_locale":"sv_SE","og_type":"article","og_title":"cystit och irritabel tarm | Dimann","og_description":"Cystit och irritabelt tarmsyndrom: finns det ett samband? Ta reda p\u00e5 mer om detta. F\u00f6rdelarna med D-mannos >> G\u00e5 till hela artikeln!","og_url":"https:\/\/www.dimann.com\/sv\/tidskrift\/cystit-och-irriterad-tarm\/","og_site_name":"Dimann","article_publisher":"https:\/\/www.facebook.com\/pg\/Dimann.cistite\/posts\/","article_published_time":"2025-04-08T07:59:55+00:00","article_modified_time":"2025-10-14T16:54:30+00:00","og_image":[{"width":750,"height":500,"url":"https:\/\/www.dimann.com\/wp-content\/uploads\/2023\/05\/colon-irritabile-e-cistite.jpg","type":"image\/jpeg"}],"author":"Roberto Serra","twitter_card":"summary_large_image","twitter_misc":{"Skriven av":"Roberto Serra","Ber\u00e4knad l\u00e4stid":"6 minuter"},"schema":{"@context":"https:\/\/schema.org","@graph":[{"@type":"Article","@id":"https:\/\/www.dimann.com\/sv\/tidskrift\/cystit-och-irriterad-tarm\/#article","isPartOf":{"@id":"https:\/\/www.dimann.com\/sv\/tidskrift\/cystit-och-irriterad-tarm\/"},"author":{"name":"Roberto Serra","@id":"https:\/\/www.dimann.com\/sv\/#\/schema\/person\/379a3676fd6c50c0c0d306b19016129f"},"headline":"Sambandet mellan interstitiell cystit och IBS","datePublished":"2025-04-08T07:59:55+00:00","dateModified":"2025-10-14T16:54:30+00:00","mainEntityOfPage":{"@id":"https:\/\/www.dimann.com\/sv\/tidskrift\/cystit-och-irriterad-tarm\/"},"wordCount":1193,"publisher":{"@id":"https:\/\/www.dimann.com\/sv\/#organization"},"image":{"@id":"https:\/\/www.dimann.com\/sv\/tidskrift\/cystit-och-irriterad-tarm\/#primaryimage"},"thumbnailUrl":"https:\/\/www.dimann.com\/wp-content\/uploads\/2023\/05\/colon-irritabile-e-cistite.jpg","keywords":["Orsaker"],"articleSection":["Tidskrift","V\u00e4lbefinnande"],"inLanguage":"sv-SE"},{"@type":"WebPage","@id":"https:\/\/www.dimann.com\/sv\/tidskrift\/cystit-och-irriterad-tarm\/","url":"https:\/\/www.dimann.com\/sv\/tidskrift\/cystit-och-irriterad-tarm\/","name":"cystit och irritabel tarm | Dimann","isPartOf":{"@id":"https:\/\/www.dimann.com\/sv\/#website"},"primaryImageOfPage":{"@id":"https:\/\/www.dimann.com\/sv\/tidskrift\/cystit-och-irriterad-tarm\/#primaryimage"},"image":{"@id":"https:\/\/www.dimann.com\/sv\/tidskrift\/cystit-och-irriterad-tarm\/#primaryimage"},"thumbnailUrl":"https:\/\/www.dimann.com\/wp-content\/uploads\/2023\/05\/colon-irritabile-e-cistite.jpg","datePublished":"2025-04-08T07:59:55+00:00","dateModified":"2025-10-14T16:54:30+00:00","description":"Cystit och irritabelt tarmsyndrom: finns det ett samband? Ta reda p\u00e5 mer om detta. F\u00f6rdelarna med D-mannos >> G\u00e5 till hela artikeln!","breadcrumb":{"@id":"https:\/\/www.dimann.com\/sv\/tidskrift\/cystit-och-irriterad-tarm\/#breadcrumb"},"inLanguage":"sv-SE","potentialAction":[{"@type":"ReadAction","target":["https:\/\/www.dimann.com\/sv\/tidskrift\/cystit-och-irriterad-tarm\/"]}]},{"@type":"ImageObject","inLanguage":"sv-SE","@id":"https:\/\/www.dimann.com\/sv\/tidskrift\/cystit-och-irriterad-tarm\/#primaryimage","url":"https:\/\/www.dimann.com\/wp-content\/uploads\/2023\/05\/colon-irritabile-e-cistite.jpg","contentUrl":"https:\/\/www.dimann.com\/wp-content\/uploads\/2023\/05\/colon-irritabile-e-cistite.jpg","width":750,"height":500},{"@type":"BreadcrumbList","@id":"https:\/\/www.dimann.com\/sv\/tidskrift\/cystit-och-irriterad-tarm\/#breadcrumb","itemListElement":[{"@type":"ListItem","position":1,"name":"Tidskrift","item":"https:\/\/www.dimann.com\/sv\/tidskrift\/"},{"@type":"ListItem","position":2,"name":"Cystit och Irritabel Tarm: Uppt\u00e4ck Sambandet Nu"}]},{"@type":"WebSite","@id":"https:\/\/www.dimann.com\/sv\/#website","url":"https:\/\/www.dimann.com\/sv\/","name":"Dimann","description":"","publisher":{"@id":"https:\/\/www.dimann.com\/sv\/#organization"},"potentialAction":[{"@type":"SearchAction","target":{"@type":"EntryPoint","urlTemplate":"https:\/\/www.dimann.com\/sv\/?s={search_term_string}"},"query-input":{"@type":"PropertyValueSpecification","valueRequired":true,"valueName":"search_term_string"}}],"inLanguage":"sv-SE"},{"@type":"Organization","@id":"https:\/\/www.dimann.com\/sv\/#organization","name":"Dimann","url":"https:\/\/www.dimann.com\/sv\/","logo":{"@type":"ImageObject","inLanguage":"sv-SE","@id":"https:\/\/www.dimann.com\/sv\/#\/schema\/logo\/image\/","url":"https:\/\/www.dimann.com\/wp-content\/uploads\/2019\/07\/logo.svg","contentUrl":"https:\/\/www.dimann.com\/wp-content\/uploads\/2019\/07\/logo.svg","width":1,"height":1,"caption":"Dimann"},"image":{"@id":"https:\/\/www.dimann.com\/sv\/#\/schema\/logo\/image\/"},"sameAs":["https:\/\/www.facebook.com\/pg\/Dimann.cistite\/posts\/","https:\/\/www.instagram.com\/dimann_official\/"]},{"@type":"Person","@id":"https:\/\/www.dimann.com\/sv\/#\/schema\/person\/379a3676fd6c50c0c0d306b19016129f","name":"Roberto Serra"}]}},"_links":{"self":[{"href":"https:\/\/www.dimann.com\/sv\/wp-json\/wp\/v2\/posts\/50505","targetHints":{"allow":["GET"]}}],"collection":[{"href":"https:\/\/www.dimann.com\/sv\/wp-json\/wp\/v2\/posts"}],"about":[{"href":"https:\/\/www.dimann.com\/sv\/wp-json\/wp\/v2\/types\/post"}],"author":[{"embeddable":true,"href":"https:\/\/www.dimann.com\/sv\/wp-json\/wp\/v2\/users\/19"}],"replies":[{"embeddable":true,"href":"https:\/\/www.dimann.com\/sv\/wp-json\/wp\/v2\/comments?post=50505"}],"version-history":[{"count":5,"href":"https:\/\/www.dimann.com\/sv\/wp-json\/wp\/v2\/posts\/50505\/revisions"}],"predecessor-version":[{"id":56392,"href":"https:\/\/www.dimann.com\/sv\/wp-json\/wp\/v2\/posts\/50505\/revisions\/56392"}],"wp:featuredmedia":[{"embeddable":true,"href":"https:\/\/www.dimann.com\/sv\/wp-json\/wp\/v2\/media\/50509"}],"wp:attachment":[{"href":"https:\/\/www.dimann.com\/sv\/wp-json\/wp\/v2\/media?parent=50505"}],"wp:term":[{"taxonomy":"category","embeddable":true,"href":"https:\/\/www.dimann.com\/sv\/wp-json\/wp\/v2\/categories?post=50505"},{"taxonomy":"post_tag","embeddable":true,"href":"https:\/\/www.dimann.com\/sv\/wp-json\/wp\/v2\/tags?post=50505"}],"curies":[{"name":"wp","href":"https:\/\/api.w.org\/{rel}","templated":true}]}}