{"id":50548,"date":"2025-04-08T10:00:36","date_gmt":"2025-04-08T08:00:36","guid":{"rendered":"https:\/\/www.dimann.com\/okategoriserad\/cistite-da-freddo-come-curarla-definitivamente\/"},"modified":"2025-10-14T18:53:50","modified_gmt":"2025-10-14T16:53:50","slug":"cystit-fran-kyla-hur-behandla-det-definitivt","status":"publish","type":"post","link":"https:\/\/www.dimann.com\/sv\/tidskrift\/cystit-fran-kyla-hur-behandla-det-definitivt\/","title":{"rendered":"Kall bl\u00e5skatarr p\u00e5 vintern: orsaker, symtom och l\u00f6sningar"},"content":{"rendered":"<p>Min k\u00e4ra v\u00e4n,<\/p>\n<p>Efter en varm sommar har det kalla v\u00e4dret \u00e4ntligen kommit: kortare dagar, varm choklad, jul &#8230; och bl\u00e5skatarr!<\/p>\n<p>Ja, f\u00f6r det h\u00e4nder ofta att m\u00e5nga kvinnor drabbas av denna infektion, s\u00e4rskilt p\u00e5 vintern.<\/p>\n<p>Men varf\u00f6r? \ud83d\ude2b<\/p>\n<p>I dagens artikel tar vi en titt p\u00e5 de fr\u00e4msta orsakerna till kall bl\u00e5skatarr och vad l\u00f6sningarna kan vara!<\/p>\n<p>Kom ih\u00e5g att du inte \u00e4r ensam. \u2764\ufe0f<\/p>\n<h2>Varf\u00f6r \u00e4r det mer sannolikt att du f\u00e5r cystit p\u00e5 vintern? Det h\u00e4r \u00e4r anledningarna som du kanske inte har t\u00e4nkt p\u00e5<\/h2>\n<h3>1. F\u00f6rs\u00f6ker h\u00e5lla sig varm<\/h3>\n<p>M\u00e5nga av oss \u00e4lskar vintern av just den anledningen: n\u00e4r det \u00e4r kallt ute kan vi inte v\u00e4nta med att krypa in i huset med elementet eller brasan p\u00e5 och svepa in oss i de mest bekv\u00e4ma kl\u00e4derna eller filtarna &#8211; det finns inget b\u00e4ttre! \ud83d\udd25<\/p>\n<p>Aaaah!<\/p>\n<p>Men just dessa vanor kan f\u00f6rv\u00e4rra <a href=\"https:\/\/www.dimann.com\/sv\/cystit-den-ultimata-guiden-av-lorenza\/\" target=\"_blank\" rel=\"noopener\">din cystit<\/a>, och vet du varf\u00f6r?<\/p>\n<p>Centralv\u00e4rmesystem<strong> \u00e4r k\u00e4nda f\u00f6r att<\/strong> bokstavligen<strong> torka ut oss<\/strong>, och det \u00e4r inte bra f\u00f6r hud, \u00f6gon och slemhinnor.<\/p>\n<p>Slemhinnor finns ocks\u00e5 i urinv\u00e4garna och om de skadas (vilket \u00e4r mycket mer sannolikt om de \u00e4r torrare) <strong>kan infektioner l\u00e4tt uppst\u00e5<\/strong>.<\/p>\n<p>Om du dessutom packar in dig varmt och t\u00e4cker dig i lager skapar du f\u00f6rh\u00e5llanden som bakterier \u00e4lskar och d\u00e4r de kan frodas.<\/p>\n<p>R\u00e5det att skydda dig sj\u00e4lv utan att frysa ihj\u00e4l? \ud83e\udd76<\/p>\n<p>V\u00e4lj material som andas hellre \u00e4n syntetmaterial, s\u00e4rskilt n\u00e4r det g\u00e4ller underkl\u00e4der och pyjamas.<\/p>\n<h3>2. Har dina njurar blivit f\u00f6rkylda?<\/h3>\n<p>Man tror att kyla orsakar <strong>\u00f6kad k\u00e4nslighet hos nerv\u00e4ndarna i och runt urinbl\u00e5san och njurarna<\/strong>, vilket kan leda till att man <strong>k\u00e4nner behov av att g\u00e5 p\u00e5 toaletten oftare<\/strong> och eventuellt leda till \u00f6kad inflammation i omr\u00e5det.<\/p>\n<p>Det inneb\u00e4r att b\u00e5de urinbl\u00e5san och njurarna <a href=\"https:\/\/www.dimann.com\/sv\/tidskrift\/skillnad-mellan-cystit-och-pyelonefrit\/\" target=\"_blank\" rel=\"noopener\">kan vara mer k\u00e4nsliga f\u00f6r infektioner i kalla f\u00f6rh\u00e5llanden<\/a>, och urinv\u00e4gsinfektioner kan l\u00e4tt utvecklas till allvarligare njurinfektioner om man inte \u00e4r f\u00f6rsiktig.<\/p>\n<blockquote><p><strong>L\u00e4s ocks\u00e5: <\/strong><a href=\"https:\/\/www.dimann.com\/sv\/tidskrift\/hur-behandla-cystit-utan-antibiotika\/\" target=\"_blank\" rel=\"noopener\">Hur man botar cystit utan antibiotika: naturen erbjuder oss l\u00f6sningen!<\/a><\/p><\/blockquote>\n<h3>3. Kylan lockar ocks\u00e5 fram bakterier<\/h3>\n<p>Det \u00e4r allm\u00e4nt k\u00e4nt att de bakterier som orsakar <strong>f\u00f6rkylnings- och influensainfektioner \u00e4r vanligare under vintern<\/strong>, och det \u00e4r dessa som kan g\u00f6ra att vi l\u00f6per st\u00f6rre risk att drabbas av urinv\u00e4gsinfektion eller cystit!<\/p>\n<p><a href=\"https:\/\/www.dimann.com\/sv\/tidskrift\/escherichia-coli-den-storsta-fienden-vid-bakteriell-cystit\/\" target=\"_blank\" rel=\"noopener\">I 80% av fallen orsakas cystit av en stam av Escherichia coli<\/a> som finns naturligt i kroppen och som kan vara ett problem under vissa f\u00f6rh\u00e5llanden.<\/p>\n<p>S\u00e5 om du tror att detta \u00e4r fallet f\u00f6r dig, ta reda p\u00e5 <a href=\"https:\/\/www.dimann.com\/sv\/tidskrift\/vad-ta-for-cystit\/\" target=\"_blank\" rel=\"noopener\">hur man behandlar cystit p\u00e5 ett naturligt s\u00e4tt<\/a> och ta en titt p\u00e5 <a href=\"https:\/\/www.dimann.com\/sv\/cystit_kit\/kit-cystit-fran-escherichia-coli-forebyggande\/\" target=\"_blank\" rel=\"noopener\">E. coli-f\u00f6rebyggande kit.<\/a><\/p>\n<h3>4. Immunf\u00f6rsvaret \u00e4r under press<\/h3>\n<p>Med \u00f6kningen av bakterier vid den h\u00e4r tiden p\u00e5 \u00e5ret <strong>kan ditt immunsystem redan vara under lite mer press<\/strong>: dina immunceller \u00e4r p\u00e5 h\u00f6g beredskap och patrullerar ditt system noggrant efter potentiella inkr\u00e4ktare!<\/p>\n<p>Men det finns ocks\u00e5 vissa faktorer som kan g\u00f6ra deras arbete \u00e4nnu sv\u00e5rare.<\/p>\n<p>Jag kommer ocks\u00e5 snart att tala om kostfaktorer, men l\u00e5t oss f\u00f6rst ta upp fr\u00e5gan om <strong>stillasittande<\/strong>. Med det kalla och d\u00e5liga v\u00e4dret frestas m\u00e5nga av oss <strong>att g\u00f6ra mindre aktivitet och stanna inomhus<\/strong>, vilket betyder:<\/p>\n<ul>\n<li>hj\u00e4rtfrekvensen sjunker;<\/li>\n<li>Cirkulationen blir l\u00e5ngsammare;<\/li>\n<li>immunceller \u00e4r mindre ben\u00e4gna att patrullera effektivt.<\/li>\n<\/ul>\n<p>H\u00e4r kommer allts\u00e5 anstormningen av bakterier!<\/p>\n<p>Under vintern <strong>riskerar v\u00e5ra D-vitaminniv\u00e5er<\/strong> dessutom att <strong>sjunka<\/strong> p\u00e5 grund av att vi tillbringar mindre tid utomhus och inte f\u00e5r tillr\u00e4ckligt med varmt solljus.<\/p>\n<p>T\u00e4nk p\u00e5 att D-vitamin inte bara \u00e4r viktigt f\u00f6r att st\u00f6dja hum\u00f6ret, utan ocks\u00e5 \u00e4r ett viktigt n\u00e4rings\u00e4mne f\u00f6r v\u00e5ra immunfunktioner.<\/p>\n<h3>5. Diet (aj!)<\/h3>\n<p>H\u00e4r kommer vi till den \u00f6mma punkten.<\/p>\n<p>Det \u00e4r oundvikligt att m\u00e4nniskor under vintern, s\u00e4rskilt inf\u00f6r julhelgen <strong>, frestas<\/strong> mer \u00e4n n\u00e5gonsin <strong>av varma godsaker av alla slag.<\/strong><\/p>\n<p>Sockerhaltiga s\u00f6tsaker, bakverk, v\u00e4rmande drycker och en och annan s\u00e4ngf\u00f6sare \u00e4r vanliga inslag p\u00e5 menyerna vid den h\u00e4r tiden p\u00e5 \u00e5ret och tyv\u00e4rr ofta ett recept p\u00e5 katastrof: socker, proinflammatoriska fetter, koffein och alkohol \u00e4r vanliga bovar i dramat som<strong> st\u00f6r matsm\u00e4ltningssystemet och urinv\u00e4garna<\/strong>.<\/p>\n<p>\u00c4ven om en och annan godbit \u00e4r <strong>oundviklig<\/strong> &#8211; och helig kan jag till\u00e4gga! -\u00e4r det viktigt att vara mer medveten och <a href=\"https:\/\/www.dimann.com\/sv\/tidskrift\/dieta-for-cystit-hur-bemota-det-genom-mat\/\" target=\"_blank\" rel=\"noopener\">f\u00f6lja en h\u00e4lsosam, balanserad kost<\/a> f\u00f6r att skydda sig sj\u00e4lv s\u00e5 mycket som m\u00f6jligt under denna period.<\/p>\n<h3>6. Du kanske inte dricker tillr\u00e4ckligt<\/h3>\n<p>Tyv\u00e4rr \u00e4r det <strong>ofta s\u00e5 att fokus p\u00e5 v\u00e4tskeintag<\/strong> minskar n\u00e4r vintern kommer. \u00c4ven om det kanske inte \u00e4r n\u00f6dv\u00e4ndigt att dricka lika mycket som under sommarm\u00e5naderna &#8211; n\u00e4r man \u00e4r mer aktiv och svettas mer &#8211; \u00e4r det fortfarande viktigt att f\u00e5 i sig tillr\u00e4ckligt med v\u00e4tska, \u00e4ven om det inte \u00e4r lika varmt.<\/p>\n<p>Helst ska du <strong>dricka minst en och en halv liter vatten<\/strong>, oavsett \u00e5rstid.<\/p>\n<p>N\u00e4r det g\u00e4ller att hantera vattenintaget, visste du d\u00e5 att te och kaffe inte r\u00e4knas?<\/p>\n<p>Du kommer att s\u00e4ga: &#8221;Inte en chans&#8221;.<\/p>\n<p>Det kan tyckas sj\u00e4lvklart, men att dricka koffeinhaltiga drycker i ett f\u00f6rs\u00f6k att v\u00e4rma upp sig kan ha en negativ effekt p\u00e5 urinv\u00e4garnas h\u00e4lsa. Varf\u00f6r inte prova att dricka <strong>varmt vatten med en citronskiva<\/strong> i st\u00e4llet?<\/p>\n<p>Det \u00e4r ett mycket skonsammare alternativ och, jag f\u00f6rs\u00e4krar er, precis lika tr\u00f6stande!<\/p>\n<blockquote><p><strong>L\u00e4s ocks\u00e5:<\/strong> <a href=\"https:\/\/www.dimann.com\/sv\/tidskrift\/varfor-far-man-cystit\/\" target=\"_blank\" rel=\"noopener\"><span data-sheets-value=\"{\" data-sheets-userformat=\"{\">Varf\u00f6r f\u00e5r man bl\u00e5skatarr? L\u00e5t oss klarg\u00f6ra <\/span><\/a><\/p><\/blockquote>\n<h3>7. Hygienvanor kan f\u00f6r\u00e4ndras med \u00e5rstiderna<\/h3>\n<p>Under vintern kan <strong>hygienvanorna<\/strong> f\u00f6r\u00e4ndras avsev\u00e4rt, vilket kan ha en negativ inverkan p\u00e5 sannolikheten f\u00f6r att drabbas av infektioner.<\/p>\n<p>Som redan n\u00e4mnts f\u00e5r m\u00e4nniskor ofta f\u00f6r vana att dricka mindre under vinterm\u00e5naderna (eller dricka mer av fel saker), men ocks\u00e5 p\u00e5 grund av kylan eller att man b\u00e4r fler lager kan det finnas en st\u00f6rre motvilja mot att g\u00e5 p\u00e5 toaletten!<\/p>\n<p>Min k\u00e4ra v\u00e4n, kylan beh\u00f6ver inte stoppa dig, tv\u00e4rtom. Det \u00e4r alltid viktigt att ta hand <strong>om din <a href=\"https:\/\/www.dimann.com\/sv\/produkt\/dimann-soft\/\" target=\"_blank\" rel=\"noopener\">intimhygien<\/a><\/strong> och b\u00e4ra rena underkl\u00e4der med tyg som andas.<\/p>\n<h3>8. Sexuellt umg\u00e4nge<\/h3>\n<p>N\u00e4r de m\u00f6rka n\u00e4tterna kommer och temperaturen sjunker kan m\u00e4nniskor vara mer ben\u00e4gna att krypa under t\u00e4cket \u00e4n under de varmare sommarm\u00e5naderna.<\/p>\n<p><a href=\"https:\/\/www.dimann.com\/sv\/tidskrift\/postkoital-cystit\/\" target=\"_blank\" rel=\"noopener\">Att ha mer sex kan inneb\u00e4ra fler infektioner<\/a>, s\u00e5 det \u00e4r v\u00e4rt att komma ih\u00e5g n\u00e5gra av de viktigaste tipsen i \u00e4mnet, till exempel att se till att <a href=\"https:\/\/www.dimann.com\/sv\/produkt\/dimann-gel\/\" target=\"_blank\" rel=\"noopener\">du sm\u00f6rjer dig<\/a> och g\u00e5r p\u00e5 toaletten efter varje samlag.<\/p>\n<p>Om du tror att detta kan vara fallet f\u00f6r dig<a href=\"https:\/\/www.dimann.com\/sv\/cystit_kit\/kit-cystit-post-koital\/\" target=\"_blank\" rel=\"noopener\">, se sidan med det kompletta kitet f\u00f6r cystit efter samlag<\/a>, och kom ih\u00e5g att <a href=\"https:\/\/www.dimann.com\/sv\/kontakta-oss\/\" target=\"_blank\" rel=\"noopener\">du alltid kan skriva till mig<\/a> om du har n\u00e5gra problem. \ud83e\udd70<\/p>\n<p>Dessutom l\u00e4mnar jag h\u00e4r l\u00e4nken till fr\u00e5gesporten <a href=\"https:\/\/www.dimann.com\/quiz\/\" target=\"_blank\" rel=\"noopener\">&#8221;Hitta din v\u00e4g<\/a>&#8221; som hj\u00e4lper dig att b\u00e4ttre f\u00f6rst\u00e5 orsakerna till din cystit och hitta r\u00e4tt l\u00f6sning!<\/p>\n<p>Jag omfamnar dig h\u00e5rt,<\/p>\n<p>Lorenza<\/p>\n<h3>I den h\u00e4r artikeln pratade vi om &#8230;<\/h3>\n<ul>\n<li>Orsakerna till kall bl\u00e5skatarr \u00e4r m\u00e5nga och att k\u00e4nna till dem kan hj\u00e4lpa dig att hitta den l\u00f6sning som passar just dig.<\/li>\n<li>Dimanns produkter, som <a href=\"https:\/\/www.dimann.com\/sv\/produkter\/\" target=\"_blank\" rel=\"noopener\">finns tillg\u00e4ngliga individuellt<\/a> eller <a href=\"https:\/\/www.dimann.com\/sv\/cystit-kit\/\" target=\"_blank\" rel=\"noopener\">i praktiska kit,<\/a> hj\u00e4lper till att behandla och f\u00f6rebygga cystit i alla dess former.<\/li>\n<\/ul>\n","protected":false},"excerpt":{"rendered":"<p>Min k\u00e4ra v\u00e4n, Efter en varm sommar har det kalla v\u00e4dret \u00e4ntligen kommit: kortare dagar, varm choklad, jul &#8230; och bl\u00e5skatarr! Ja, f\u00f6r det h\u00e4nder ofta att m\u00e5nga kvinnor drabbas av denna infektion, s\u00e4rskilt p\u00e5 vintern. Men varf\u00f6r? \ud83d\ude2b I dagens artikel tar vi en titt p\u00e5 de fr\u00e4msta orsakerna till kall bl\u00e5skatarr och vad [&hellip;]<\/p>\n","protected":false},"author":19,"featured_media":50553,"comment_status":"closed","ping_status":"closed","sticky":false,"template":"","format":"standard","meta":{"_acf_changed":false,"footnotes":""},"categories":[1156,1158],"tags":[1152],"class_list":["post-50548","post","type-post","status-publish","format-standard","has-post-thumbnail","hentry","category-tidskrift","category-valbefinnande","tag-orsaker-2"],"acf":[],"yoast_head":"<!-- This site is optimized with the Yoast SEO plugin v27.5 - https:\/\/yoast.com\/product\/yoast-seo-wordpress\/ -->\n<title>Cystit orsakad av f\u00f6rkylning: symtom, botemedel och f\u00f6rebyggande \u00e5tg\u00e4rder | Dimann<\/title>\n<meta name=\"description\" content=\"Hur behandlar man kall cystit? Allt du beh\u00f6ver veta. Uppt\u00e4ck Dimanns varum\u00e4rkesprodukter &gt;&gt; G\u00e5 till hela artikeln!\" \/>\n<meta name=\"robots\" content=\"index, follow, max-snippet:-1, max-image-preview:large, max-video-preview:-1\" \/>\n<link rel=\"canonical\" href=\"https:\/\/www.dimann.com\/sv\/tidskrift\/cystit-fran-kyla-hur-behandla-det-definitivt\/\" \/>\n<meta property=\"og:locale\" content=\"sv_SE\" \/>\n<meta property=\"og:type\" content=\"article\" \/>\n<meta property=\"og:title\" content=\"Cystit orsakad av f\u00f6rkylning: symtom, botemedel och f\u00f6rebyggande \u00e5tg\u00e4rder | Dimann\" \/>\n<meta property=\"og:description\" content=\"Hur behandlar man kall cystit? Allt du beh\u00f6ver veta. Uppt\u00e4ck Dimanns varum\u00e4rkesprodukter &gt;&gt; G\u00e5 till hela artikeln!\" \/>\n<meta property=\"og:url\" content=\"https:\/\/www.dimann.com\/sv\/tidskrift\/cystit-fran-kyla-hur-behandla-det-definitivt\/\" \/>\n<meta property=\"og:site_name\" content=\"Dimann\" \/>\n<meta property=\"article:publisher\" content=\"https:\/\/www.facebook.com\/pg\/Dimann.cistite\/posts\/\" \/>\n<meta property=\"article:published_time\" content=\"2025-04-08T08:00:36+00:00\" \/>\n<meta property=\"article:modified_time\" content=\"2025-10-14T16:53:50+00:00\" \/>\n<meta property=\"og:image\" content=\"https:\/\/www.dimann.com\/wp-content\/uploads\/2022\/12\/cistite-da-freddo-come-curarla.jpg\" \/>\n\t<meta property=\"og:image:width\" content=\"750\" \/>\n\t<meta property=\"og:image:height\" content=\"475\" \/>\n\t<meta property=\"og:image:type\" content=\"image\/jpeg\" \/>\n<meta name=\"author\" content=\"Roberto Serra\" \/>\n<meta name=\"twitter:card\" content=\"summary_large_image\" \/>\n<meta name=\"twitter:label1\" content=\"Skriven av\" \/>\n\t<meta name=\"twitter:data1\" content=\"Roberto Serra\" \/>\n\t<meta name=\"twitter:label2\" content=\"Ber\u00e4knad l\u00e4stid\" \/>\n\t<meta name=\"twitter:data2\" content=\"6 minuter\" \/>\n<!-- \/ Yoast SEO plugin. -->","yoast_head_json":{"title":"Cystit orsakad av f\u00f6rkylning: symtom, botemedel och f\u00f6rebyggande \u00e5tg\u00e4rder | Dimann","description":"Hur behandlar man kall cystit? Allt du beh\u00f6ver veta. Uppt\u00e4ck Dimanns varum\u00e4rkesprodukter >> G\u00e5 till hela artikeln!","robots":{"index":"index","follow":"follow","max-snippet":"max-snippet:-1","max-image-preview":"max-image-preview:large","max-video-preview":"max-video-preview:-1"},"canonical":"https:\/\/www.dimann.com\/sv\/tidskrift\/cystit-fran-kyla-hur-behandla-det-definitivt\/","og_locale":"sv_SE","og_type":"article","og_title":"Cystit orsakad av f\u00f6rkylning: symtom, botemedel och f\u00f6rebyggande \u00e5tg\u00e4rder | Dimann","og_description":"Hur behandlar man kall cystit? Allt du beh\u00f6ver veta. Uppt\u00e4ck Dimanns varum\u00e4rkesprodukter >> G\u00e5 till hela artikeln!","og_url":"https:\/\/www.dimann.com\/sv\/tidskrift\/cystit-fran-kyla-hur-behandla-det-definitivt\/","og_site_name":"Dimann","article_publisher":"https:\/\/www.facebook.com\/pg\/Dimann.cistite\/posts\/","article_published_time":"2025-04-08T08:00:36+00:00","article_modified_time":"2025-10-14T16:53:50+00:00","og_image":[{"width":750,"height":475,"url":"https:\/\/www.dimann.com\/wp-content\/uploads\/2022\/12\/cistite-da-freddo-come-curarla.jpg","type":"image\/jpeg"}],"author":"Roberto Serra","twitter_card":"summary_large_image","twitter_misc":{"Skriven av":"Roberto Serra","Ber\u00e4knad l\u00e4stid":"6 minuter"},"schema":{"@context":"https:\/\/schema.org","@graph":[{"@type":"Article","@id":"https:\/\/www.dimann.com\/sv\/tidskrift\/cystit-fran-kyla-hur-behandla-det-definitivt\/#article","isPartOf":{"@id":"https:\/\/www.dimann.com\/sv\/tidskrift\/cystit-fran-kyla-hur-behandla-det-definitivt\/"},"author":{"name":"Roberto Serra","@id":"https:\/\/www.dimann.com\/sv\/#\/schema\/person\/379a3676fd6c50c0c0d306b19016129f"},"headline":"Kall bl\u00e5skatarr p\u00e5 vintern: orsaker, symtom och l\u00f6sningar","datePublished":"2025-04-08T08:00:36+00:00","dateModified":"2025-10-14T16:53:50+00:00","mainEntityOfPage":{"@id":"https:\/\/www.dimann.com\/sv\/tidskrift\/cystit-fran-kyla-hur-behandla-det-definitivt\/"},"wordCount":1318,"publisher":{"@id":"https:\/\/www.dimann.com\/sv\/#organization"},"image":{"@id":"https:\/\/www.dimann.com\/sv\/tidskrift\/cystit-fran-kyla-hur-behandla-det-definitivt\/#primaryimage"},"thumbnailUrl":"https:\/\/www.dimann.com\/wp-content\/uploads\/2022\/12\/cistite-da-freddo-come-curarla.jpg","keywords":["Orsaker"],"articleSection":["Tidskrift","V\u00e4lbefinnande"],"inLanguage":"sv-SE"},{"@type":"WebPage","@id":"https:\/\/www.dimann.com\/sv\/tidskrift\/cystit-fran-kyla-hur-behandla-det-definitivt\/","url":"https:\/\/www.dimann.com\/sv\/tidskrift\/cystit-fran-kyla-hur-behandla-det-definitivt\/","name":"Cystit orsakad av f\u00f6rkylning: symtom, botemedel och f\u00f6rebyggande \u00e5tg\u00e4rder | Dimann","isPartOf":{"@id":"https:\/\/www.dimann.com\/sv\/#website"},"primaryImageOfPage":{"@id":"https:\/\/www.dimann.com\/sv\/tidskrift\/cystit-fran-kyla-hur-behandla-det-definitivt\/#primaryimage"},"image":{"@id":"https:\/\/www.dimann.com\/sv\/tidskrift\/cystit-fran-kyla-hur-behandla-det-definitivt\/#primaryimage"},"thumbnailUrl":"https:\/\/www.dimann.com\/wp-content\/uploads\/2022\/12\/cistite-da-freddo-come-curarla.jpg","datePublished":"2025-04-08T08:00:36+00:00","dateModified":"2025-10-14T16:53:50+00:00","description":"Hur behandlar man kall cystit? Allt du beh\u00f6ver veta. Uppt\u00e4ck Dimanns varum\u00e4rkesprodukter >> G\u00e5 till hela artikeln!","breadcrumb":{"@id":"https:\/\/www.dimann.com\/sv\/tidskrift\/cystit-fran-kyla-hur-behandla-det-definitivt\/#breadcrumb"},"inLanguage":"sv-SE","potentialAction":[{"@type":"ReadAction","target":["https:\/\/www.dimann.com\/sv\/tidskrift\/cystit-fran-kyla-hur-behandla-det-definitivt\/"]}]},{"@type":"ImageObject","inLanguage":"sv-SE","@id":"https:\/\/www.dimann.com\/sv\/tidskrift\/cystit-fran-kyla-hur-behandla-det-definitivt\/#primaryimage","url":"https:\/\/www.dimann.com\/wp-content\/uploads\/2022\/12\/cistite-da-freddo-come-curarla.jpg","contentUrl":"https:\/\/www.dimann.com\/wp-content\/uploads\/2022\/12\/cistite-da-freddo-come-curarla.jpg","width":750,"height":475},{"@type":"BreadcrumbList","@id":"https:\/\/www.dimann.com\/sv\/tidskrift\/cystit-fran-kyla-hur-behandla-det-definitivt\/#breadcrumb","itemListElement":[{"@type":"ListItem","position":1,"name":"Tidskrift","item":"https:\/\/www.dimann.com\/sv\/tidskrift\/"},{"@type":"ListItem","position":2,"name":"Kall Cystit: F\u00f6rebygg och Behandla Effektivt i Vinter"}]},{"@type":"WebSite","@id":"https:\/\/www.dimann.com\/sv\/#website","url":"https:\/\/www.dimann.com\/sv\/","name":"Dimann","description":"","publisher":{"@id":"https:\/\/www.dimann.com\/sv\/#organization"},"potentialAction":[{"@type":"SearchAction","target":{"@type":"EntryPoint","urlTemplate":"https:\/\/www.dimann.com\/sv\/?s={search_term_string}"},"query-input":{"@type":"PropertyValueSpecification","valueRequired":true,"valueName":"search_term_string"}}],"inLanguage":"sv-SE"},{"@type":"Organization","@id":"https:\/\/www.dimann.com\/sv\/#organization","name":"Dimann","url":"https:\/\/www.dimann.com\/sv\/","logo":{"@type":"ImageObject","inLanguage":"sv-SE","@id":"https:\/\/www.dimann.com\/sv\/#\/schema\/logo\/image\/","url":"https:\/\/www.dimann.com\/wp-content\/uploads\/2019\/07\/logo.svg","contentUrl":"https:\/\/www.dimann.com\/wp-content\/uploads\/2019\/07\/logo.svg","width":1,"height":1,"caption":"Dimann"},"image":{"@id":"https:\/\/www.dimann.com\/sv\/#\/schema\/logo\/image\/"},"sameAs":["https:\/\/www.facebook.com\/pg\/Dimann.cistite\/posts\/","https:\/\/www.instagram.com\/dimann_official\/"]},{"@type":"Person","@id":"https:\/\/www.dimann.com\/sv\/#\/schema\/person\/379a3676fd6c50c0c0d306b19016129f","name":"Roberto Serra"}]}},"_links":{"self":[{"href":"https:\/\/www.dimann.com\/sv\/wp-json\/wp\/v2\/posts\/50548","targetHints":{"allow":["GET"]}}],"collection":[{"href":"https:\/\/www.dimann.com\/sv\/wp-json\/wp\/v2\/posts"}],"about":[{"href":"https:\/\/www.dimann.com\/sv\/wp-json\/wp\/v2\/types\/post"}],"author":[{"embeddable":true,"href":"https:\/\/www.dimann.com\/sv\/wp-json\/wp\/v2\/users\/19"}],"replies":[{"embeddable":true,"href":"https:\/\/www.dimann.com\/sv\/wp-json\/wp\/v2\/comments?post=50548"}],"version-history":[{"count":4,"href":"https:\/\/www.dimann.com\/sv\/wp-json\/wp\/v2\/posts\/50548\/revisions"}],"predecessor-version":[{"id":56380,"href":"https:\/\/www.dimann.com\/sv\/wp-json\/wp\/v2\/posts\/50548\/revisions\/56380"}],"wp:featuredmedia":[{"embeddable":true,"href":"https:\/\/www.dimann.com\/sv\/wp-json\/wp\/v2\/media\/50553"}],"wp:attachment":[{"href":"https:\/\/www.dimann.com\/sv\/wp-json\/wp\/v2\/media?parent=50548"}],"wp:term":[{"taxonomy":"category","embeddable":true,"href":"https:\/\/www.dimann.com\/sv\/wp-json\/wp\/v2\/categories?post=50548"},{"taxonomy":"post_tag","embeddable":true,"href":"https:\/\/www.dimann.com\/sv\/wp-json\/wp\/v2\/tags?post=50548"}],"curies":[{"name":"wp","href":"https:\/\/api.w.org\/{rel}","templated":true}]}}